{"id":71461,"date":"2026-09-04T11:21:02","date_gmt":"2026-09-04T14:21:02","guid":{"rendered":"http:\/\/masquenoticiastucuman.com.ar\/?p=71461"},"modified":"2026-09-04T11:21:02","modified_gmt":"2026-09-04T14:21:02","slug":"al-fin-se-le-dara-a-john-malkovich-madura-su-nominacion-al-oscar-por-una-pelicula-ambientada-en-chile","status":"publish","type":"post","link":"https:\/\/masquenoticiastucuman.com.ar\/?p=71461","title":{"rendered":"\u00bfAl fin se le dar\u00e1 a John Malkovich? Madura su nominaci\u00f3n al Oscar por  una pel\u00edcula ambientada en Chile"},"content":{"rendered":"<ul>\n<li>Su \u00faltima nominaci\u00f3n al premio fue hace 27 a\u00f1os, por &#8220;\u00bfQuieres ser John Malkovich?&#8221;.<\/li>\n<li>Ahora, su rol como agente de la CIA en &#8220;Wild Horse Nine&#8221; lo pondr\u00eda en la puerta de ese reconocimiento.<\/li>\n<li>El actor estuvo este 3 de septiembre en el Festival de Venecia y se refiri\u00f3 a la cuesti\u00f3n.<\/li>\n<\/ul>\n<p>\u200bSu \u00faltima nominaci\u00f3n al premio fue hace 27 a\u00f1os, por &#8220;\u00bfQuieres ser John Malkovich?&#8221;.Ahora, su rol como agente de la CIA en &#8220;Wild Horse Nine&#8221; lo pondr\u00eda en la puerta de ese reconocimiento.El actor estuvo este 3 de septiembre en el Festival de Venecia y se refiri\u00f3 a la cuesti\u00f3n.\u00a0<a href=\"https:\/\/www.clarin.com\/espectaculos\/fin-dara-john-malkovich-madura-nominacion-oscar-pelicula-ambientada-chile_0_KmpqRMOiGm.html\" target=\"_blank\" class=\"feedzy-rss-link-icon\">Read More<\/a><\/p>","protected":false},"excerpt":{"rendered":"<p>Su \u00faltima nominaci\u00f3n al premio fue hace 27 a\u00f1os, por &#8220;\u00bfQuieres ser John Malkovich?&#8221;. Ahora,&#8230;<\/p>\n","protected":false},"author":1,"featured_media":0,"comment_status":"open","ping_status":"open","sticky":false,"template":"","format":"standard","meta":{"footnotes":"","_members_access_role":[],"_members_access_error":""},"categories":[5],"tags":[],"class_list":["post-71461","post","type-post","status-publish","format-standard","has-post-thumbnail","hentry","category-espectaculo"],"_links":{"self":[{"href":"https:\/\/masquenoticiastucuman.com.ar\/index.php?rest_route=\/wp\/v2\/posts\/71461","targetHints":{"allow":["GET"]}}],"collection":[{"href":"https:\/\/masquenoticiastucuman.com.ar\/index.php?rest_route=\/wp\/v2\/posts"}],"about":[{"href":"https:\/\/masquenoticiastucuman.com.ar\/index.php?rest_route=\/wp\/v2\/types\/post"}],"author":[{"embeddable":true,"href":"https:\/\/masquenoticiastucuman.com.ar\/index.php?rest_route=\/wp\/v2\/users\/1"}],"replies":[{"embeddable":true,"href":"https:\/\/masquenoticiastucuman.com.ar\/index.php?rest_route=%2Fwp%2Fv2%2Fcomments&post=71461"}],"version-history":[{"count":0,"href":"https:\/\/masquenoticiastucuman.com.ar\/index.php?rest_route=\/wp\/v2\/posts\/71461\/revisions"}],"wp:attachment":[{"href":"https:\/\/masquenoticiastucuman.com.ar\/index.php?rest_route=%2Fwp%2Fv2%2Fmedia&parent=71461"}],"wp:term":[{"taxonomy":"category","embeddable":true,"href":"https:\/\/masquenoticiastucuman.com.ar\/index.php?rest_route=%2Fwp%2Fv2%2Fcategories&post=71461"},{"taxonomy":"post_tag","embeddable":true,"href":"https:\/\/masquenoticiastucuman.com.ar\/index.php?rest_route=%2Fwp%2Fv2%2Ftags&post=71461"}],"curies":[{"name":"wp","href":"https:\/\/api.w.org\/{rel}","templated":true}]}}