{"id":71462,"date":"2026-09-04T10:45:16","date_gmt":"2026-09-04T13:45:16","guid":{"rendered":"http:\/\/masquenoticiastucuman.com.ar\/?p=71462"},"modified":"2026-09-04T10:45:16","modified_gmt":"2026-09-04T13:45:16","slug":"escandalo-en-la-f1-flavio-briatore-exploto-tras-el-fallo-contra-alpine-y-denuncio-que-uno-de-los-jueces-recibio-dos-o-tres-coches-de-mclaren","status":"publish","type":"post","link":"https:\/\/masquenoticiastucuman.com.ar\/?p=71462","title":{"rendered":"Esc\u00e1ndalo en la F1: Flavio Briatore explot\u00f3 tras el fallo contra Alpine y denunci\u00f3 que uno de los jueces recibi\u00f3 &#8220;dos o tres coches&#8221; de McLaren"},"content":{"rendered":"<ul>\n<li>El veterano jefe del equipo de Colapinto, en llamas porque le sacaron el podio de Gasly en M\u00f3naco.<\/li>\n<li>Dijo en conferencia que uno de los encargados de la decisi\u00f3n est\u00e1 vinculado con McLaren.<\/li>\n<li>Lo hizo nada menos que en la cara de Andrea Stella, jefe de los alemanes, quien le respondi\u00f3.<\/li>\n<\/ul>\n<p>\u200bEl veterano jefe del equipo de Colapinto, en llamas porque le sacaron el podio de Gasly en M\u00f3naco.Dijo en conferencia que uno de los encargados de la decisi\u00f3n est\u00e1 vinculado con McLaren.Lo hizo nada menos que en la cara de Andrea Stella, jefe de los alemanes, quien le respondi\u00f3.\u00a0<a href=\"https:\/\/www.clarin.com\/deportes\/flavio-briatore-desato-escandalo-medios-fallo-fia-alpine-denuncio-jueces-recibio-coches-mclaren_0_RtN0NyLei9.html\" target=\"_blank\" class=\"feedzy-rss-link-icon\">Read More<\/a><\/p>","protected":false},"excerpt":{"rendered":"<p>El veterano jefe del equipo de Colapinto, en llamas porque le sacaron el podio de&#8230;<\/p>\n","protected":false},"author":1,"featured_media":0,"comment_status":"open","ping_status":"open","sticky":false,"template":"","format":"standard","meta":{"footnotes":"","_members_access_role":[],"_members_access_error":""},"categories":[6],"tags":[],"class_list":["post-71462","post","type-post","status-publish","format-standard","has-post-thumbnail","hentry","category-deportes"],"_links":{"self":[{"href":"https:\/\/masquenoticiastucuman.com.ar\/index.php?rest_route=\/wp\/v2\/posts\/71462","targetHints":{"allow":["GET"]}}],"collection":[{"href":"https:\/\/masquenoticiastucuman.com.ar\/index.php?rest_route=\/wp\/v2\/posts"}],"about":[{"href":"https:\/\/masquenoticiastucuman.com.ar\/index.php?rest_route=\/wp\/v2\/types\/post"}],"author":[{"embeddable":true,"href":"https:\/\/masquenoticiastucuman.com.ar\/index.php?rest_route=\/wp\/v2\/users\/1"}],"replies":[{"embeddable":true,"href":"https:\/\/masquenoticiastucuman.com.ar\/index.php?rest_route=%2Fwp%2Fv2%2Fcomments&post=71462"}],"version-history":[{"count":0,"href":"https:\/\/masquenoticiastucuman.com.ar\/index.php?rest_route=\/wp\/v2\/posts\/71462\/revisions"}],"wp:attachment":[{"href":"https:\/\/masquenoticiastucuman.com.ar\/index.php?rest_route=%2Fwp%2Fv2%2Fmedia&parent=71462"}],"wp:term":[{"taxonomy":"category","embeddable":true,"href":"https:\/\/masquenoticiastucuman.com.ar\/index.php?rest_route=%2Fwp%2Fv2%2Fcategories&post=71462"},{"taxonomy":"post_tag","embeddable":true,"href":"https:\/\/masquenoticiastucuman.com.ar\/index.php?rest_route=%2Fwp%2Fv2%2Ftags&post=71462"}],"curies":[{"name":"wp","href":"https:\/\/api.w.org\/{rel}","templated":true}]}}