{"id":71463,"date":"2026-09-04T10:16:04","date_gmt":"2026-09-04T13:16:04","guid":{"rendered":"http:\/\/masquenoticiastucuman.com.ar\/?p=71463"},"modified":"2026-09-04T10:16:04","modified_gmt":"2026-09-04T13:16:04","slug":"arranca-la-era-post-messi-la-afa-confirmo-cuando-anunciara-los-proximos-amistosos-de-la-seleccion-argentina","status":"publish","type":"post","link":"https:\/\/masquenoticiastucuman.com.ar\/?p=71463","title":{"rendered":"Arranca la era post Messi: la AFA confirm\u00f3 cuand\u00f3 anunciar\u00e1 los pr\u00f3ximos amistosos de la Selecci\u00f3n Argentina"},"content":{"rendered":"<ul>\n<li>La Asociaci\u00f3n dio a conocer que este lunes revelar\u00e1 los rivales para la ventana FIFA.<\/li>\n<li>Se jugar\u00e1n en los \u00faltimos d\u00edas de septiembre y los primeros de octubre.<\/li>\n<li>Ser\u00e1 el comienzo de una nueva etapa, tras el retiro del 10, dirigida por Lionel Scaloni.<\/li>\n<\/ul>\n<p>\u200bLa Asociaci\u00f3n dio a conocer que este lunes revelar\u00e1 los rivales para la ventana FIFA.Se jugar\u00e1n en los \u00faltimos d\u00edas de septiembre y los primeros de octubre.Ser\u00e1 el comienzo de una nueva etapa, tras el retiro del 10, dirigida por Lionel Scaloni.\u00a0<a href=\"https:\/\/www.clarin.com\/deportes\/arranca-post-messi-afa-confirmo-anunciara-proximos-amistosos-seleccion-argentina_0_itVpcpw3Ck.html\" target=\"_blank\" class=\"feedzy-rss-link-icon\">Read More<\/a><\/p>","protected":false},"excerpt":{"rendered":"<p>La Asociaci\u00f3n dio a conocer que este lunes revelar\u00e1 los rivales para la ventana FIFA&#8230;.<\/p>\n","protected":false},"author":1,"featured_media":0,"comment_status":"open","ping_status":"open","sticky":false,"template":"","format":"standard","meta":{"footnotes":"","_members_access_role":[],"_members_access_error":""},"categories":[6],"tags":[],"class_list":["post-71463","post","type-post","status-publish","format-standard","has-post-thumbnail","hentry","category-deportes"],"_links":{"self":[{"href":"https:\/\/masquenoticiastucuman.com.ar\/index.php?rest_route=\/wp\/v2\/posts\/71463","targetHints":{"allow":["GET"]}}],"collection":[{"href":"https:\/\/masquenoticiastucuman.com.ar\/index.php?rest_route=\/wp\/v2\/posts"}],"about":[{"href":"https:\/\/masquenoticiastucuman.com.ar\/index.php?rest_route=\/wp\/v2\/types\/post"}],"author":[{"embeddable":true,"href":"https:\/\/masquenoticiastucuman.com.ar\/index.php?rest_route=\/wp\/v2\/users\/1"}],"replies":[{"embeddable":true,"href":"https:\/\/masquenoticiastucuman.com.ar\/index.php?rest_route=%2Fwp%2Fv2%2Fcomments&post=71463"}],"version-history":[{"count":0,"href":"https:\/\/masquenoticiastucuman.com.ar\/index.php?rest_route=\/wp\/v2\/posts\/71463\/revisions"}],"wp:attachment":[{"href":"https:\/\/masquenoticiastucuman.com.ar\/index.php?rest_route=%2Fwp%2Fv2%2Fmedia&parent=71463"}],"wp:term":[{"taxonomy":"category","embeddable":true,"href":"https:\/\/masquenoticiastucuman.com.ar\/index.php?rest_route=%2Fwp%2Fv2%2Fcategories&post=71463"},{"taxonomy":"post_tag","embeddable":true,"href":"https:\/\/masquenoticiastucuman.com.ar\/index.php?rest_route=%2Fwp%2Fv2%2Ftags&post=71463"}],"curies":[{"name":"wp","href":"https:\/\/api.w.org\/{rel}","templated":true}]}}