{"id":71468,"date":"2026-09-04T11:56:53","date_gmt":"2026-09-04T14:56:53","guid":{"rendered":"http:\/\/masquenoticiastucuman.com.ar\/?p=71468"},"modified":"2026-09-04T11:56:53","modified_gmt":"2026-09-04T14:56:53","slug":"no-hay-reforma-sostenible-sin-resultados-el-sector-financiero-espera-un-2027-mas-favorable-pero-con-poco-impacto-en-el-empleo","status":"publish","type":"post","link":"https:\/\/masquenoticiastucuman.com.ar\/?p=71468","title":{"rendered":"&#8220;No hay reforma sostenible sin resultados&#8221;: el sector financiero espera un 2027 m\u00e1s favorable pero con poco impacto en el empleo"},"content":{"rendered":"<ul>\n<li>Casi el 70% de las empresas espera vender m\u00e1s en 2027, pero no aumentar\u00e1n sus contrataciones.<\/li>\n<li>La necesidad de &#8220;las reformas lleguen a la gente&#8221; y el temor al &#8220;p\u00e9ndulo&#8221; pol\u00edtico en a\u00f1o electoral.<\/li>\n<\/ul>\n<p>\u200bCasi el 70% de las empresas espera vender m\u00e1s en 2027, pero no aumentar\u00e1n sus contrataciones.La necesidad de &#8220;las reformas lleguen a la gente&#8221; y el temor al &#8220;p\u00e9ndulo&#8221; pol\u00edtico en a\u00f1o electoral.\u00a0<a href=\"https:\/\/www.clarin.com\/economia\/reforma-sostenible-resultados-sector-financiero-espera-2027-favorable-impacto-empleo_0_1vNTGnpD89.html\" target=\"_blank\" class=\"feedzy-rss-link-icon\">Read More<\/a><\/p>","protected":false},"excerpt":{"rendered":"<p>Casi el 70% de las empresas espera vender m\u00e1s en 2027, pero no aumentar\u00e1n sus&#8230;<\/p>\n","protected":false},"author":1,"featured_media":0,"comment_status":"open","ping_status":"open","sticky":false,"template":"","format":"standard","meta":{"footnotes":"","_members_access_role":[],"_members_access_error":""},"categories":[3],"tags":[],"class_list":["post-71468","post","type-post","status-publish","format-standard","has-post-thumbnail","hentry","category-nacionales"],"_links":{"self":[{"href":"https:\/\/masquenoticiastucuman.com.ar\/index.php?rest_route=\/wp\/v2\/posts\/71468","targetHints":{"allow":["GET"]}}],"collection":[{"href":"https:\/\/masquenoticiastucuman.com.ar\/index.php?rest_route=\/wp\/v2\/posts"}],"about":[{"href":"https:\/\/masquenoticiastucuman.com.ar\/index.php?rest_route=\/wp\/v2\/types\/post"}],"author":[{"embeddable":true,"href":"https:\/\/masquenoticiastucuman.com.ar\/index.php?rest_route=\/wp\/v2\/users\/1"}],"replies":[{"embeddable":true,"href":"https:\/\/masquenoticiastucuman.com.ar\/index.php?rest_route=%2Fwp%2Fv2%2Fcomments&post=71468"}],"version-history":[{"count":0,"href":"https:\/\/masquenoticiastucuman.com.ar\/index.php?rest_route=\/wp\/v2\/posts\/71468\/revisions"}],"wp:attachment":[{"href":"https:\/\/masquenoticiastucuman.com.ar\/index.php?rest_route=%2Fwp%2Fv2%2Fmedia&parent=71468"}],"wp:term":[{"taxonomy":"category","embeddable":true,"href":"https:\/\/masquenoticiastucuman.com.ar\/index.php?rest_route=%2Fwp%2Fv2%2Fcategories&post=71468"},{"taxonomy":"post_tag","embeddable":true,"href":"https:\/\/masquenoticiastucuman.com.ar\/index.php?rest_route=%2Fwp%2Fv2%2Ftags&post=71468"}],"curies":[{"name":"wp","href":"https:\/\/api.w.org\/{rel}","templated":true}]}}