{"id":71469,"date":"2026-09-04T11:53:51","date_gmt":"2026-09-04T14:53:51","guid":{"rendered":"http:\/\/masquenoticiastucuman.com.ar\/?p=71469"},"modified":"2026-09-04T11:53:51","modified_gmt":"2026-09-04T14:53:51","slug":"12-anos-sin-gustavo-cerati-las-ultimas-palabras-que-dijo-el-lider-de-soda-stereo-antes-de-su-acv","status":"publish","type":"post","link":"https:\/\/masquenoticiastucuman.com.ar\/?p=71469","title":{"rendered":"12 a\u00f1os sin Gustavo Cerati: las \u00faltimas palabras que dijo el l\u00edder de Soda Stereo antes de su ACV"},"content":{"rendered":"<ul>\n<li>El 15 de mayo de 2010, despu\u00e9s de su \u00faltimo show en Venezuela, el m\u00fasico sufri\u00f3 un ACV que lo dej\u00f3 en coma durante 52 meses.<\/li>\n<li>Muri\u00f3 el 4 de septiembre de 2014, a los 55 a\u00f1os.<\/li>\n<li>Se despidi\u00f3 del p\u00fablico con una frase que parec\u00eda una m\u00e1s, sin saber que terminar\u00eda siendo la \u00faltima<\/li>\n<\/ul>\n<p>\u200bEl 15 de mayo de 2010, despu\u00e9s de su \u00faltimo show en Venezuela, el m\u00fasico sufri\u00f3 un ACV que lo dej\u00f3 en coma durante 52 meses.Muri\u00f3 el 4 de septiembre de 2014, a los 55 a\u00f1os.Se despidi\u00f3 del p\u00fablico con una frase que parec\u00eda una m\u00e1s, sin saber que terminar\u00eda siendo la \u00faltima\u00a0<a href=\"https:\/\/www.clarin.com\/espectaculos\/12-anos-gustavo-cerati-ultimas-palabras-dijo-lider-soda-stereo-acv_0_1vno3pyXqv.html\" target=\"_blank\" class=\"feedzy-rss-link-icon\">Read More<\/a><\/p>","protected":false},"excerpt":{"rendered":"<p>El 15 de mayo de 2010, despu\u00e9s de su \u00faltimo show en Venezuela, el m\u00fasico&#8230;<\/p>\n","protected":false},"author":1,"featured_media":0,"comment_status":"open","ping_status":"open","sticky":false,"template":"","format":"standard","meta":{"footnotes":"","_members_access_role":[],"_members_access_error":""},"categories":[5],"tags":[],"class_list":["post-71469","post","type-post","status-publish","format-standard","has-post-thumbnail","hentry","category-espectaculo"],"_links":{"self":[{"href":"https:\/\/masquenoticiastucuman.com.ar\/index.php?rest_route=\/wp\/v2\/posts\/71469","targetHints":{"allow":["GET"]}}],"collection":[{"href":"https:\/\/masquenoticiastucuman.com.ar\/index.php?rest_route=\/wp\/v2\/posts"}],"about":[{"href":"https:\/\/masquenoticiastucuman.com.ar\/index.php?rest_route=\/wp\/v2\/types\/post"}],"author":[{"embeddable":true,"href":"https:\/\/masquenoticiastucuman.com.ar\/index.php?rest_route=\/wp\/v2\/users\/1"}],"replies":[{"embeddable":true,"href":"https:\/\/masquenoticiastucuman.com.ar\/index.php?rest_route=%2Fwp%2Fv2%2Fcomments&post=71469"}],"version-history":[{"count":0,"href":"https:\/\/masquenoticiastucuman.com.ar\/index.php?rest_route=\/wp\/v2\/posts\/71469\/revisions"}],"wp:attachment":[{"href":"https:\/\/masquenoticiastucuman.com.ar\/index.php?rest_route=%2Fwp%2Fv2%2Fmedia&parent=71469"}],"wp:term":[{"taxonomy":"category","embeddable":true,"href":"https:\/\/masquenoticiastucuman.com.ar\/index.php?rest_route=%2Fwp%2Fv2%2Fcategories&post=71469"},{"taxonomy":"post_tag","embeddable":true,"href":"https:\/\/masquenoticiastucuman.com.ar\/index.php?rest_route=%2Fwp%2Fv2%2Ftags&post=71469"}],"curies":[{"name":"wp","href":"https:\/\/api.w.org\/{rel}","templated":true}]}}