{"id":71470,"date":"2026-09-04T13:30:17","date_gmt":"2026-09-04T16:30:17","guid":{"rendered":"http:\/\/masquenoticiastucuman.com.ar\/?p=71470"},"modified":"2026-09-04T13:30:17","modified_gmt":"2026-09-04T16:30:17","slug":"madre-mia-el-sensacional-video-inedito-de-messi-en-la-concentracion-del-mundial-2010-que-compartio-un-ex-companero-de-la-seleccion","status":"publish","type":"post","link":"https:\/\/masquenoticiastucuman.com.ar\/?p=71470","title":{"rendered":"&#8220;\u00a1Madre m\u00eda!&#8221;: el sensacional video in\u00e9dito de Messi en la concentraci\u00f3n del Mundial 2010 que comparti\u00f3 un ex compa\u00f1ero de la Selecci\u00f3n"},"content":{"rendered":"<ul>\n<li>Fue en la intimidad de la Copa en Sud\u00e1frica,y lo public\u00f3 Jon\u00e1s Guti\u00e9rrez en sus redes.<\/li>\n<li>Leo hace jueguitos en una habitaci\u00f3n, con Maxi Rodr\u00edguez y Mart\u00edn Demichelis de testigos.<\/li>\n<\/ul>\n<p>\u200bFue en la intimidad de la Copa en Sud\u00e1frica,y lo public\u00f3 Jon\u00e1s Guti\u00e9rrez en sus redes.Leo hace jueguitos en una habitaci\u00f3n, con Maxi Rodr\u00edguez y Mart\u00edn Demichelis de testigos.\u00a0<a href=\"https:\/\/www.clarin.com\/deportes\/madre-sensacional-video-inedito-messi-concentracion-mundial-2010-compartio-ex-companero-seleccion_0_xJy57wuKmY.html\" target=\"_blank\" class=\"feedzy-rss-link-icon\">Read More<\/a><\/p>","protected":false},"excerpt":{"rendered":"<p>Fue en la intimidad de la Copa en Sud\u00e1frica,y lo public\u00f3 Jon\u00e1s Guti\u00e9rrez en sus&#8230;<\/p>\n","protected":false},"author":1,"featured_media":0,"comment_status":"open","ping_status":"open","sticky":false,"template":"","format":"standard","meta":{"footnotes":"","_members_access_role":[],"_members_access_error":""},"categories":[6],"tags":[],"class_list":["post-71470","post","type-post","status-publish","format-standard","has-post-thumbnail","hentry","category-deportes"],"_links":{"self":[{"href":"https:\/\/masquenoticiastucuman.com.ar\/index.php?rest_route=\/wp\/v2\/posts\/71470","targetHints":{"allow":["GET"]}}],"collection":[{"href":"https:\/\/masquenoticiastucuman.com.ar\/index.php?rest_route=\/wp\/v2\/posts"}],"about":[{"href":"https:\/\/masquenoticiastucuman.com.ar\/index.php?rest_route=\/wp\/v2\/types\/post"}],"author":[{"embeddable":true,"href":"https:\/\/masquenoticiastucuman.com.ar\/index.php?rest_route=\/wp\/v2\/users\/1"}],"replies":[{"embeddable":true,"href":"https:\/\/masquenoticiastucuman.com.ar\/index.php?rest_route=%2Fwp%2Fv2%2Fcomments&post=71470"}],"version-history":[{"count":0,"href":"https:\/\/masquenoticiastucuman.com.ar\/index.php?rest_route=\/wp\/v2\/posts\/71470\/revisions"}],"wp:attachment":[{"href":"https:\/\/masquenoticiastucuman.com.ar\/index.php?rest_route=%2Fwp%2Fv2%2Fmedia&parent=71470"}],"wp:term":[{"taxonomy":"category","embeddable":true,"href":"https:\/\/masquenoticiastucuman.com.ar\/index.php?rest_route=%2Fwp%2Fv2%2Fcategories&post=71470"},{"taxonomy":"post_tag","embeddable":true,"href":"https:\/\/masquenoticiastucuman.com.ar\/index.php?rest_route=%2Fwp%2Fv2%2Ftags&post=71470"}],"curies":[{"name":"wp","href":"https:\/\/api.w.org\/{rel}","templated":true}]}}