{"id":71471,"date":"2026-09-04T12:57:27","date_gmt":"2026-09-04T15:57:27","guid":{"rendered":"http:\/\/masquenoticiastucuman.com.ar\/?p=71471"},"modified":"2026-09-04T12:57:27","modified_gmt":"2026-09-04T15:57:27","slug":"nick-kyrgios-recibio-apenas-un-mes-de-suspension-despues-de-explicar-que-consumio-cocaina-en-una-noche-de-fiesta","status":"publish","type":"post","link":"https:\/\/masquenoticiastucuman.com.ar\/?p=71471","title":{"rendered":"Nick Kyrgios recibi\u00f3 apenas un mes de suspensi\u00f3n despu\u00e9s de explicar que consumi\u00f3 coca\u00edna en una noche de fiesta"},"content":{"rendered":"<ul>\n<li>Copilot said:El australiano dio positivo en Mallorca y asumi\u00f3 la responsabilidad. <\/li>\n<li>Las autoridades antidopaje consideraron v\u00e1lida su versi\u00f3n de los hechos. <\/li>\n<li>Tras completar un tratamiento, qued\u00f3 habilitado para regresar al circuito.<\/li>\n<\/ul>\n<p>\u200bCopilot said:El australiano dio positivo en Mallorca y asumi\u00f3 la responsabilidad. Las autoridades antidopaje consideraron v\u00e1lida su versi\u00f3n de los hechos. Tras completar un tratamiento, qued\u00f3 habilitado para regresar al circuito.\u00a0<a href=\"https:\/\/www.clarin.com\/deportes\/nick-kyrgios-recibio-apenas-mes-suspension-despues-explicar-consumio-cocaina-noche-fiesta_0_kmXXYWhjcI.html\" target=\"_blank\" class=\"feedzy-rss-link-icon\">Read More<\/a><\/p>","protected":false},"excerpt":{"rendered":"<p>Copilot said:El australiano dio positivo en Mallorca y asumi\u00f3 la responsabilidad. Las autoridades antidopaje consideraron&#8230;<\/p>\n","protected":false},"author":1,"featured_media":0,"comment_status":"open","ping_status":"open","sticky":false,"template":"","format":"standard","meta":{"footnotes":"","_members_access_role":[],"_members_access_error":""},"categories":[6],"tags":[],"class_list":["post-71471","post","type-post","status-publish","format-standard","has-post-thumbnail","hentry","category-deportes"],"_links":{"self":[{"href":"https:\/\/masquenoticiastucuman.com.ar\/index.php?rest_route=\/wp\/v2\/posts\/71471","targetHints":{"allow":["GET"]}}],"collection":[{"href":"https:\/\/masquenoticiastucuman.com.ar\/index.php?rest_route=\/wp\/v2\/posts"}],"about":[{"href":"https:\/\/masquenoticiastucuman.com.ar\/index.php?rest_route=\/wp\/v2\/types\/post"}],"author":[{"embeddable":true,"href":"https:\/\/masquenoticiastucuman.com.ar\/index.php?rest_route=\/wp\/v2\/users\/1"}],"replies":[{"embeddable":true,"href":"https:\/\/masquenoticiastucuman.com.ar\/index.php?rest_route=%2Fwp%2Fv2%2Fcomments&post=71471"}],"version-history":[{"count":0,"href":"https:\/\/masquenoticiastucuman.com.ar\/index.php?rest_route=\/wp\/v2\/posts\/71471\/revisions"}],"wp:attachment":[{"href":"https:\/\/masquenoticiastucuman.com.ar\/index.php?rest_route=%2Fwp%2Fv2%2Fmedia&parent=71471"}],"wp:term":[{"taxonomy":"category","embeddable":true,"href":"https:\/\/masquenoticiastucuman.com.ar\/index.php?rest_route=%2Fwp%2Fv2%2Fcategories&post=71471"},{"taxonomy":"post_tag","embeddable":true,"href":"https:\/\/masquenoticiastucuman.com.ar\/index.php?rest_route=%2Fwp%2Fv2%2Ftags&post=71471"}],"curies":[{"name":"wp","href":"https:\/\/api.w.org\/{rel}","templated":true}]}}