{"id":71474,"date":"2026-09-04T13:48:07","date_gmt":"2026-09-04T16:48:07","guid":{"rendered":"http:\/\/masquenoticiastucuman.com.ar\/?p=71474"},"modified":"2026-09-04T13:48:07","modified_gmt":"2026-09-04T16:48:07","slug":"el-salvador-guino-del-fmi-a-bukele-y-pronostico-de-crecimiento-de-45-para-2026","status":"publish","type":"post","link":"https:\/\/masquenoticiastucuman.com.ar\/?p=71474","title":{"rendered":"El Salvador: gui\u00f1o del FMI a Bukele y pron\u00f3stico de crecimiento de 4,5% para 2026"},"content":{"rendered":"<ul>\n<li>El Fondo acord\u00f3 desbloquear cerca de 140 millones de d\u00f3lares como parte del programa de reformas de austeridad del pa\u00eds.<\/li>\n<li>Una de las condiciones para el desbloqueo era que el pa\u00eds dejara de comprar bitcoins con fondos p\u00fablicos.<\/li>\n<\/ul>\n<p>\u200bEl Fondo acord\u00f3 desbloquear cerca de 140 millones de d\u00f3lares como parte del programa de reformas de austeridad del pa\u00eds.Una de las condiciones para el desbloqueo era que el pa\u00eds dejara de comprar bitcoins con fondos p\u00fablicos.\u00a0<a href=\"https:\/\/www.clarin.com\/mundo\/salvador-guino-fmi-bukele-pronostico-crecimiento-45-2026_0_7p0XkOFZn6.html\" target=\"_blank\" class=\"feedzy-rss-link-icon\">Read More<\/a><\/p>","protected":false},"excerpt":{"rendered":"<p>El Fondo acord\u00f3 desbloquear cerca de 140 millones de d\u00f3lares como parte del programa de&#8230;<\/p>\n","protected":false},"author":1,"featured_media":71475,"comment_status":"open","ping_status":"open","sticky":false,"template":"","format":"standard","meta":{"footnotes":"","_members_access_role":[],"_members_access_error":""},"categories":[4],"tags":[],"class_list":["post-71474","post","type-post","status-publish","format-standard","has-post-thumbnail","hentry","category-internacionales"],"_links":{"self":[{"href":"https:\/\/masquenoticiastucuman.com.ar\/index.php?rest_route=\/wp\/v2\/posts\/71474","targetHints":{"allow":["GET"]}}],"collection":[{"href":"https:\/\/masquenoticiastucuman.com.ar\/index.php?rest_route=\/wp\/v2\/posts"}],"about":[{"href":"https:\/\/masquenoticiastucuman.com.ar\/index.php?rest_route=\/wp\/v2\/types\/post"}],"author":[{"embeddable":true,"href":"https:\/\/masquenoticiastucuman.com.ar\/index.php?rest_route=\/wp\/v2\/users\/1"}],"replies":[{"embeddable":true,"href":"https:\/\/masquenoticiastucuman.com.ar\/index.php?rest_route=%2Fwp%2Fv2%2Fcomments&post=71474"}],"version-history":[{"count":0,"href":"https:\/\/masquenoticiastucuman.com.ar\/index.php?rest_route=\/wp\/v2\/posts\/71474\/revisions"}],"wp:featuredmedia":[{"embeddable":true,"href":"https:\/\/masquenoticiastucuman.com.ar\/index.php?rest_route=\/wp\/v2\/media\/71475"}],"wp:attachment":[{"href":"https:\/\/masquenoticiastucuman.com.ar\/index.php?rest_route=%2Fwp%2Fv2%2Fmedia&parent=71474"}],"wp:term":[{"taxonomy":"category","embeddable":true,"href":"https:\/\/masquenoticiastucuman.com.ar\/index.php?rest_route=%2Fwp%2Fv2%2Fcategories&post=71474"},{"taxonomy":"post_tag","embeddable":true,"href":"https:\/\/masquenoticiastucuman.com.ar\/index.php?rest_route=%2Fwp%2Fv2%2Ftags&post=71474"}],"curies":[{"name":"wp","href":"https:\/\/api.w.org\/{rel}","templated":true}]}}