{"id":71476,"date":"2026-09-04T14:25:28","date_gmt":"2026-09-04T17:25:28","guid":{"rendered":"http:\/\/masquenoticiastucuman.com.ar\/?p=71476"},"modified":"2026-09-04T14:25:28","modified_gmt":"2026-09-04T17:25:28","slug":"republica-folklore-el-primer-festival-de-musica-nativa-en-la-ciudad-de-buenos-airesya-tiene-su-grilla-dia-por-dia-cuando-tocan-el-chaqueno-palavecino-la-sole-y-cazzu-y-como-comprar-las-entradas","status":"publish","type":"post","link":"https:\/\/masquenoticiastucuman.com.ar\/?p=71476","title":{"rendered":"Rep\u00fablica Folklore, el primer festival de m\u00fasica nativa en la Ciudad de Buenos Aires,ya tiene su grilla d\u00eda por d\u00eda: cu\u00e1ndo tocan el Chaque\u00f1o Palavecino, La Sole y Cazzu y c\u00f3mo comprar las entradas"},"content":{"rendered":"<ul>\n<li>El evento se llevar\u00e1 a cabo el 21 y 22 de noviembre en el Parque de la Ciudad de Buenos Aires y busca traer la tradici\u00f3n del interior del pa\u00eds a la capital porte\u00f1a.<\/li>\n<li>Los m\u00e1s grandes del g\u00e9nero en dos d\u00edas, en tres escenarios.<\/li>\n<\/ul>\n<p>\u200bEl evento se llevar\u00e1 a cabo el 21 y 22 de noviembre en el Parque de la Ciudad de Buenos Aires y busca traer la tradici\u00f3n del interior del pa\u00eds a la capital porte\u00f1a.Los m\u00e1s grandes del g\u00e9nero en dos d\u00edas, en tres escenarios.\u00a0<a href=\"https:\/\/www.clarin.com\/espectaculos\/republica-folklore-primer-festival-musica-nativa-ciudad-buenos-airesya-grilla-dia-dia-tocan-chaqueno-palavecino-sole-cazzu-comprar-entradas_0_Y3ur9PFEL0.html\" target=\"_blank\" class=\"feedzy-rss-link-icon\">Read More<\/a><\/p>","protected":false},"excerpt":{"rendered":"<p>El evento se llevar\u00e1 a cabo el 21 y 22 de noviembre en el Parque&#8230;<\/p>\n","protected":false},"author":1,"featured_media":0,"comment_status":"open","ping_status":"open","sticky":false,"template":"","format":"standard","meta":{"footnotes":"","_members_access_role":[],"_members_access_error":""},"categories":[5],"tags":[],"class_list":["post-71476","post","type-post","status-publish","format-standard","has-post-thumbnail","hentry","category-espectaculo"],"_links":{"self":[{"href":"https:\/\/masquenoticiastucuman.com.ar\/index.php?rest_route=\/wp\/v2\/posts\/71476","targetHints":{"allow":["GET"]}}],"collection":[{"href":"https:\/\/masquenoticiastucuman.com.ar\/index.php?rest_route=\/wp\/v2\/posts"}],"about":[{"href":"https:\/\/masquenoticiastucuman.com.ar\/index.php?rest_route=\/wp\/v2\/types\/post"}],"author":[{"embeddable":true,"href":"https:\/\/masquenoticiastucuman.com.ar\/index.php?rest_route=\/wp\/v2\/users\/1"}],"replies":[{"embeddable":true,"href":"https:\/\/masquenoticiastucuman.com.ar\/index.php?rest_route=%2Fwp%2Fv2%2Fcomments&post=71476"}],"version-history":[{"count":0,"href":"https:\/\/masquenoticiastucuman.com.ar\/index.php?rest_route=\/wp\/v2\/posts\/71476\/revisions"}],"wp:attachment":[{"href":"https:\/\/masquenoticiastucuman.com.ar\/index.php?rest_route=%2Fwp%2Fv2%2Fmedia&parent=71476"}],"wp:term":[{"taxonomy":"category","embeddable":true,"href":"https:\/\/masquenoticiastucuman.com.ar\/index.php?rest_route=%2Fwp%2Fv2%2Fcategories&post=71476"},{"taxonomy":"post_tag","embeddable":true,"href":"https:\/\/masquenoticiastucuman.com.ar\/index.php?rest_route=%2Fwp%2Fv2%2Ftags&post=71476"}],"curies":[{"name":"wp","href":"https:\/\/api.w.org\/{rel}","templated":true}]}}