{"id":71477,"date":"2026-09-04T13:50:27","date_gmt":"2026-09-04T16:50:27","guid":{"rendered":"http:\/\/masquenoticiastucuman.com.ar\/?p=71477"},"modified":"2026-09-04T13:50:27","modified_gmt":"2026-09-04T16:50:27","slug":"gp-de-italia-franco-colapinto-confirmo-las-mejorias-de-su-alpine-en-un-dia-de-furia-para-briatore-en-monza","status":"publish","type":"post","link":"https:\/\/masquenoticiastucuman.com.ar\/?p=71477","title":{"rendered":"GP de Italia: Franco Colapinto confirm\u00f3 las mejor\u00edas de su Alpine, en un d\u00eda de furia para Briatore en Monza"},"content":{"rendered":"<ul>\n<li>Tras ser noveno en la FP1, el argentino termin\u00f3 11\u00b0 en la FP2 y delante de Pierre Gasly.<\/li>\n<li>La escuder\u00eda recibi\u00f3 un golpe de la FIA: le sacaron el podio de M\u00f3naco y Briatore explot\u00f3.<\/li>\n<li>Dispar\u00f3 contra McLaren, con una dura acusaci\u00f3n que gener\u00f3 un esc\u00e1ndalo en la F\u00f6rmula 1.<\/li>\n<\/ul>\n<p>\u200bTras ser noveno en la FP1, el argentino termin\u00f3 11\u00b0 en la FP2 y delante de Pierre Gasly.La escuder\u00eda recibi\u00f3 un golpe de la FIA: le sacaron el podio de M\u00f3naco y Briatore explot\u00f3.Dispar\u00f3 contra McLaren, con una dura acusaci\u00f3n que gener\u00f3 un esc\u00e1ndalo en la F\u00f6rmula 1.\u00a0<a href=\"https:\/\/www.clarin.com\/deportes\/gp-italia-franco-colapinto-confirmo-mejorias-alpine-dia-furia-briatore-monza_0_f9N2DHlQ3d.html\" target=\"_blank\" class=\"feedzy-rss-link-icon\">Read More<\/a><\/p>","protected":false},"excerpt":{"rendered":"<p>Tras ser noveno en la FP1, el argentino termin\u00f3 11\u00b0 en la FP2 y delante&#8230;<\/p>\n","protected":false},"author":1,"featured_media":0,"comment_status":"open","ping_status":"open","sticky":false,"template":"","format":"standard","meta":{"footnotes":"","_members_access_role":[],"_members_access_error":""},"categories":[6],"tags":[],"class_list":["post-71477","post","type-post","status-publish","format-standard","has-post-thumbnail","hentry","category-deportes"],"_links":{"self":[{"href":"https:\/\/masquenoticiastucuman.com.ar\/index.php?rest_route=\/wp\/v2\/posts\/71477","targetHints":{"allow":["GET"]}}],"collection":[{"href":"https:\/\/masquenoticiastucuman.com.ar\/index.php?rest_route=\/wp\/v2\/posts"}],"about":[{"href":"https:\/\/masquenoticiastucuman.com.ar\/index.php?rest_route=\/wp\/v2\/types\/post"}],"author":[{"embeddable":true,"href":"https:\/\/masquenoticiastucuman.com.ar\/index.php?rest_route=\/wp\/v2\/users\/1"}],"replies":[{"embeddable":true,"href":"https:\/\/masquenoticiastucuman.com.ar\/index.php?rest_route=%2Fwp%2Fv2%2Fcomments&post=71477"}],"version-history":[{"count":0,"href":"https:\/\/masquenoticiastucuman.com.ar\/index.php?rest_route=\/wp\/v2\/posts\/71477\/revisions"}],"wp:attachment":[{"href":"https:\/\/masquenoticiastucuman.com.ar\/index.php?rest_route=%2Fwp%2Fv2%2Fmedia&parent=71477"}],"wp:term":[{"taxonomy":"category","embeddable":true,"href":"https:\/\/masquenoticiastucuman.com.ar\/index.php?rest_route=%2Fwp%2Fv2%2Fcategories&post=71477"},{"taxonomy":"post_tag","embeddable":true,"href":"https:\/\/masquenoticiastucuman.com.ar\/index.php?rest_route=%2Fwp%2Fv2%2Ftags&post=71477"}],"curies":[{"name":"wp","href":"https:\/\/api.w.org\/{rel}","templated":true}]}}