{"id":71478,"date":"2026-09-04T15:23:31","date_gmt":"2026-09-04T18:23:31","guid":{"rendered":"http:\/\/masquenoticiastucuman.com.ar\/?p=71478"},"modified":"2026-09-04T15:23:31","modified_gmt":"2026-09-04T18:23:31","slug":"paro-en-los-aeropuertos-ate-amenaza-con-retomar-medidas-de-fuerza-el-lunes-si-el-gobierno-no-los-convoca-a-una-audiencia","status":"publish","type":"post","link":"https:\/\/masquenoticiastucuman.com.ar\/?p=71478","title":{"rendered":"Paro en los aeropuertos: ATE amenaza con retomar medidas de fuerza el lunes si el Gobierno no los convoca a una audiencia"},"content":{"rendered":"<ul>\n<li>La protesta hab\u00eda sido suspendida a la espera de un llamado oficial.<\/li>\n<li>El gremio reclama discutir el criterio de &#8220;esencialidad&#8221; que modific\u00f3 la reforma laboral y mantiene sus reclamos salariales.<\/li>\n<li>Qu\u00e9 pasar\u00eda con los vuelos en caso de huelga. <\/li>\n<\/ul>\n<p>\u200bLa protesta hab\u00eda sido suspendida a la espera de un llamado oficial.El gremio reclama discutir el criterio de &#8220;esencialidad&#8221; que modific\u00f3 la reforma laboral y mantiene sus reclamos salariales.Qu\u00e9 pasar\u00eda con los vuelos en caso de huelga.\u00a0<a href=\"https:\/\/www.clarin.com\/economia\/paro-aeropuertos-ate-amenaza-retomar-medidas-fuerza-lunes-gobierno-convoca-audiencia_0_q5B5axlBgX.html\" target=\"_blank\" class=\"feedzy-rss-link-icon\">Read More<\/a><\/p>","protected":false},"excerpt":{"rendered":"<p>La protesta hab\u00eda sido suspendida a la espera de un llamado oficial. El gremio reclama&#8230;<\/p>\n","protected":false},"author":1,"featured_media":0,"comment_status":"open","ping_status":"open","sticky":false,"template":"","format":"standard","meta":{"footnotes":"","_members_access_role":[],"_members_access_error":""},"categories":[3],"tags":[],"class_list":["post-71478","post","type-post","status-publish","format-standard","has-post-thumbnail","hentry","category-nacionales"],"_links":{"self":[{"href":"https:\/\/masquenoticiastucuman.com.ar\/index.php?rest_route=\/wp\/v2\/posts\/71478","targetHints":{"allow":["GET"]}}],"collection":[{"href":"https:\/\/masquenoticiastucuman.com.ar\/index.php?rest_route=\/wp\/v2\/posts"}],"about":[{"href":"https:\/\/masquenoticiastucuman.com.ar\/index.php?rest_route=\/wp\/v2\/types\/post"}],"author":[{"embeddable":true,"href":"https:\/\/masquenoticiastucuman.com.ar\/index.php?rest_route=\/wp\/v2\/users\/1"}],"replies":[{"embeddable":true,"href":"https:\/\/masquenoticiastucuman.com.ar\/index.php?rest_route=%2Fwp%2Fv2%2Fcomments&post=71478"}],"version-history":[{"count":0,"href":"https:\/\/masquenoticiastucuman.com.ar\/index.php?rest_route=\/wp\/v2\/posts\/71478\/revisions"}],"wp:attachment":[{"href":"https:\/\/masquenoticiastucuman.com.ar\/index.php?rest_route=%2Fwp%2Fv2%2Fmedia&parent=71478"}],"wp:term":[{"taxonomy":"category","embeddable":true,"href":"https:\/\/masquenoticiastucuman.com.ar\/index.php?rest_route=%2Fwp%2Fv2%2Fcategories&post=71478"},{"taxonomy":"post_tag","embeddable":true,"href":"https:\/\/masquenoticiastucuman.com.ar\/index.php?rest_route=%2Fwp%2Fv2%2Ftags&post=71478"}],"curies":[{"name":"wp","href":"https:\/\/api.w.org\/{rel}","templated":true}]}}