{"id":71479,"date":"2026-09-04T16:09:09","date_gmt":"2026-09-04T19:09:09","guid":{"rendered":"http:\/\/masquenoticiastucuman.com.ar\/?p=71479"},"modified":"2026-09-04T16:09:09","modified_gmt":"2026-09-04T19:09:09","slug":"donald-trump-envia-a-sus-emisarios-a-rusia-y-ucrania-para-reavivar-las-negociaciones-volodimir-zelenski-pide-un-alto-el-fuego","status":"publish","type":"post","link":"https:\/\/masquenoticiastucuman.com.ar\/?p=71479","title":{"rendered":"Donald Trump env\u00eda a sus emisarios a Rusia y Ucrania para reavivar las negociaciones: Volodimir Zelenski pide un alto el fuego"},"content":{"rendered":"<ul>\n<li>Steve Witkoff y Jared Kushner estar\u00e1n el s\u00e1bado con Vladimir Putin en Mosc\u00fa, y el domingo en Kiev con el presidente ucraniano.<\/li>\n<li>La semana pasada viaj\u00f3 a la capital rusa el titular de la CIA, en una visita rodeada de misterio.<\/li>\n<\/ul>\n<p>\u200bSteve Witkoff y Jared Kushner estar\u00e1n el s\u00e1bado con Vladimir Putin en Mosc\u00fa, y el domingo en Kiev con el presidente ucraniano.La semana pasada viaj\u00f3 a la capital rusa el titular de la CIA, en una visita rodeada de misterio.\u00a0<a href=\"https:\/\/www.clarin.com\/mundo\/donald-trump-envia-emisarios-rusia-ucrania-reavivar-negociaciones-volodimir-zelenski-pide-alto-fuego_0_NAEKjrRvi0.html\" target=\"_blank\" class=\"feedzy-rss-link-icon\">Read More<\/a><\/p>","protected":false},"excerpt":{"rendered":"<p>Steve Witkoff y Jared Kushner estar\u00e1n el s\u00e1bado con Vladimir Putin en Mosc\u00fa, y el&#8230;<\/p>\n","protected":false},"author":1,"featured_media":71480,"comment_status":"open","ping_status":"open","sticky":false,"template":"","format":"standard","meta":{"footnotes":"","_members_access_role":[],"_members_access_error":""},"categories":[4],"tags":[],"class_list":["post-71479","post","type-post","status-publish","format-standard","has-post-thumbnail","hentry","category-internacionales"],"_links":{"self":[{"href":"https:\/\/masquenoticiastucuman.com.ar\/index.php?rest_route=\/wp\/v2\/posts\/71479","targetHints":{"allow":["GET"]}}],"collection":[{"href":"https:\/\/masquenoticiastucuman.com.ar\/index.php?rest_route=\/wp\/v2\/posts"}],"about":[{"href":"https:\/\/masquenoticiastucuman.com.ar\/index.php?rest_route=\/wp\/v2\/types\/post"}],"author":[{"embeddable":true,"href":"https:\/\/masquenoticiastucuman.com.ar\/index.php?rest_route=\/wp\/v2\/users\/1"}],"replies":[{"embeddable":true,"href":"https:\/\/masquenoticiastucuman.com.ar\/index.php?rest_route=%2Fwp%2Fv2%2Fcomments&post=71479"}],"version-history":[{"count":0,"href":"https:\/\/masquenoticiastucuman.com.ar\/index.php?rest_route=\/wp\/v2\/posts\/71479\/revisions"}],"wp:featuredmedia":[{"embeddable":true,"href":"https:\/\/masquenoticiastucuman.com.ar\/index.php?rest_route=\/wp\/v2\/media\/71480"}],"wp:attachment":[{"href":"https:\/\/masquenoticiastucuman.com.ar\/index.php?rest_route=%2Fwp%2Fv2%2Fmedia&parent=71479"}],"wp:term":[{"taxonomy":"category","embeddable":true,"href":"https:\/\/masquenoticiastucuman.com.ar\/index.php?rest_route=%2Fwp%2Fv2%2Fcategories&post=71479"},{"taxonomy":"post_tag","embeddable":true,"href":"https:\/\/masquenoticiastucuman.com.ar\/index.php?rest_route=%2Fwp%2Fv2%2Ftags&post=71479"}],"curies":[{"name":"wp","href":"https:\/\/api.w.org\/{rel}","templated":true}]}}