{"id":71481,"date":"2026-09-04T16:16:19","date_gmt":"2026-09-04T19:16:19","guid":{"rendered":"http:\/\/masquenoticiastucuman.com.ar\/?p=71481"},"modified":"2026-09-04T16:16:19","modified_gmt":"2026-09-04T19:16:19","slug":"quien-es-joaquin-orlando-el-hombre-que-ocupara-en-la-seleccion-argentina-el-lugar-que-dejo-omar-souto","status":"publish","type":"post","link":"https:\/\/masquenoticiastucuman.com.ar\/?p=71481","title":{"rendered":"Qui\u00e9n es Joaqu\u00edn Orlando, el hombre que ocupar\u00e1 en la Selecci\u00f3n Argentina el lugar que dej\u00f3 Omar Souto"},"content":{"rendered":"<ul>\n<li>La AFA nombr\u00f3 al nuevo gerente de Selecciones Nacionales, con experiencia en las giras de la Albiceleste, las pretemporadas de River y Boca y la organizaci\u00f3n de la Copa Argentina.<\/li>\n<li>Adem\u00e1s, Claudio \u201cChiqui\u201d Tapia design\u00f3 a Diego Hern\u00e1n Bertuccelli como su vocero y asesor de comunicaci\u00f3n.<\/li>\n<\/ul>\n<p>\u200bLa AFA nombr\u00f3 al nuevo gerente de Selecciones Nacionales, con experiencia en las giras de la Albiceleste, las pretemporadas de River y Boca y la organizaci\u00f3n de la Copa Argentina.Adem\u00e1s, Claudio \u201cChiqui\u201d Tapia design\u00f3 a Diego Hern\u00e1n Bertuccelli como su vocero y asesor de comunicaci\u00f3n.\u00a0<a href=\"https:\/\/www.clarin.com\/deportes\/joaquin-orlando-hombre-ocupara-seleccion-argentina-lugar-dejo-omar-souto_0_9xuH7ovtOy.html\" target=\"_blank\" class=\"feedzy-rss-link-icon\">Read More<\/a><\/p>","protected":false},"excerpt":{"rendered":"<p>La AFA nombr\u00f3 al nuevo gerente de Selecciones Nacionales, con experiencia en las giras de&#8230;<\/p>\n","protected":false},"author":1,"featured_media":0,"comment_status":"open","ping_status":"open","sticky":false,"template":"","format":"standard","meta":{"footnotes":"","_members_access_role":[],"_members_access_error":""},"categories":[6],"tags":[],"class_list":["post-71481","post","type-post","status-publish","format-standard","has-post-thumbnail","hentry","category-deportes"],"_links":{"self":[{"href":"https:\/\/masquenoticiastucuman.com.ar\/index.php?rest_route=\/wp\/v2\/posts\/71481","targetHints":{"allow":["GET"]}}],"collection":[{"href":"https:\/\/masquenoticiastucuman.com.ar\/index.php?rest_route=\/wp\/v2\/posts"}],"about":[{"href":"https:\/\/masquenoticiastucuman.com.ar\/index.php?rest_route=\/wp\/v2\/types\/post"}],"author":[{"embeddable":true,"href":"https:\/\/masquenoticiastucuman.com.ar\/index.php?rest_route=\/wp\/v2\/users\/1"}],"replies":[{"embeddable":true,"href":"https:\/\/masquenoticiastucuman.com.ar\/index.php?rest_route=%2Fwp%2Fv2%2Fcomments&post=71481"}],"version-history":[{"count":0,"href":"https:\/\/masquenoticiastucuman.com.ar\/index.php?rest_route=\/wp\/v2\/posts\/71481\/revisions"}],"wp:attachment":[{"href":"https:\/\/masquenoticiastucuman.com.ar\/index.php?rest_route=%2Fwp%2Fv2%2Fmedia&parent=71481"}],"wp:term":[{"taxonomy":"category","embeddable":true,"href":"https:\/\/masquenoticiastucuman.com.ar\/index.php?rest_route=%2Fwp%2Fv2%2Fcategories&post=71481"},{"taxonomy":"post_tag","embeddable":true,"href":"https:\/\/masquenoticiastucuman.com.ar\/index.php?rest_route=%2Fwp%2Fv2%2Ftags&post=71481"}],"curies":[{"name":"wp","href":"https:\/\/api.w.org\/{rel}","templated":true}]}}