{"id":71485,"date":"2026-09-04T16:54:13","date_gmt":"2026-09-04T19:54:13","guid":{"rendered":"http:\/\/masquenoticiastucuman.com.ar\/?p=71485"},"modified":"2026-09-04T16:54:13","modified_gmt":"2026-09-04T19:54:13","slug":"la-cadena-de-milei-se-metio-en-la-politica-interna-britanica-y-boris-johnson-pidio-enviar-refuerzos-a-las-malvinas","status":"publish","type":"post","link":"https:\/\/masquenoticiastucuman.com.ar\/?p=71485","title":{"rendered":"La cadena de Milei se meti\u00f3 en la pol\u00edtica interna brit\u00e1nica y Boris Johnson pidi\u00f3 &#8220;enviar refuerzos a las Malvinas&#8221;"},"content":{"rendered":"<ul>\n<li>El exprimer ministro calific\u00f3 al Presidente como &#8220;angl\u00f3filo y admirador de Thatcher&#8221; y desestim\u00f3 que quiera un conflicto con el Reino Unido.<\/li>\n<li>Adem\u00e1s, el populista Nigel Farage apunt\u00f3 contra el actual premier Andy Burnham: asegur\u00f3 que Milei &#8220;vio una brecha abierta&#8221; por el caso de Chagos.<\/li>\n<\/ul>\n<p>\u200bEl exprimer ministro calific\u00f3 al Presidente como &#8220;angl\u00f3filo y admirador de Thatcher&#8221; y desestim\u00f3 que quiera un conflicto con el Reino Unido.Adem\u00e1s, el populista Nigel Farage apunt\u00f3 contra el actual premier Andy Burnham: asegur\u00f3 que Milei &#8220;vio una brecha abierta&#8221; por el caso de Chagos.\u00a0<a href=\"https:\/\/www.clarin.com\/mundo\/cadena-milei-metio-politica-interna-britanica-boris-johnson-pidio-enviar-refuerzos-malvinas_0_sUU72sQt0E.html\" target=\"_blank\" class=\"feedzy-rss-link-icon\">Read More<\/a><\/p>","protected":false},"excerpt":{"rendered":"<p>El exprimer ministro calific\u00f3 al Presidente como &#8220;angl\u00f3filo y admirador de Thatcher&#8221; y desestim\u00f3 que&#8230;<\/p>\n","protected":false},"author":1,"featured_media":71486,"comment_status":"open","ping_status":"open","sticky":false,"template":"","format":"standard","meta":{"footnotes":"","_members_access_role":[],"_members_access_error":""},"categories":[4],"tags":[],"class_list":["post-71485","post","type-post","status-publish","format-standard","has-post-thumbnail","hentry","category-internacionales"],"_links":{"self":[{"href":"https:\/\/masquenoticiastucuman.com.ar\/index.php?rest_route=\/wp\/v2\/posts\/71485","targetHints":{"allow":["GET"]}}],"collection":[{"href":"https:\/\/masquenoticiastucuman.com.ar\/index.php?rest_route=\/wp\/v2\/posts"}],"about":[{"href":"https:\/\/masquenoticiastucuman.com.ar\/index.php?rest_route=\/wp\/v2\/types\/post"}],"author":[{"embeddable":true,"href":"https:\/\/masquenoticiastucuman.com.ar\/index.php?rest_route=\/wp\/v2\/users\/1"}],"replies":[{"embeddable":true,"href":"https:\/\/masquenoticiastucuman.com.ar\/index.php?rest_route=%2Fwp%2Fv2%2Fcomments&post=71485"}],"version-history":[{"count":0,"href":"https:\/\/masquenoticiastucuman.com.ar\/index.php?rest_route=\/wp\/v2\/posts\/71485\/revisions"}],"wp:featuredmedia":[{"embeddable":true,"href":"https:\/\/masquenoticiastucuman.com.ar\/index.php?rest_route=\/wp\/v2\/media\/71486"}],"wp:attachment":[{"href":"https:\/\/masquenoticiastucuman.com.ar\/index.php?rest_route=%2Fwp%2Fv2%2Fmedia&parent=71485"}],"wp:term":[{"taxonomy":"category","embeddable":true,"href":"https:\/\/masquenoticiastucuman.com.ar\/index.php?rest_route=%2Fwp%2Fv2%2Fcategories&post=71485"},{"taxonomy":"post_tag","embeddable":true,"href":"https:\/\/masquenoticiastucuman.com.ar\/index.php?rest_route=%2Fwp%2Fv2%2Ftags&post=71485"}],"curies":[{"name":"wp","href":"https:\/\/api.w.org\/{rel}","templated":true}]}}