{"id":71490,"date":"2026-09-04T19:26:59","date_gmt":"2026-09-04T22:26:59","guid":{"rendered":"http:\/\/masquenoticiastucuman.com.ar\/?p=71490"},"modified":"2026-09-04T19:26:59","modified_gmt":"2026-09-04T22:26:59","slug":"creditos-hipotecarios-arranca-el-programa-del-gobierno-para-darle-fondeo-a-los-bancos","status":"publish","type":"post","link":"https:\/\/masquenoticiastucuman.com.ar\/?p=71490","title":{"rendered":"Cr\u00e9ditos hipotecarios: arranca el programa del Gobierno para darle &#8220;fondeo&#8221; a los bancos"},"content":{"rendered":"<ul>\n<li>El lunes se realizar\u00e1 la primera licitaci\u00f3n entre el FGS de Anses con entidades financieras. <\/li>\n<li>Los bancos pulsear\u00e1n por $200.000 millones en plazos fijos de hasta 5 a\u00f1os. <\/li>\n<li>Los pr\u00e9stamos a familias comenzar\u00e1n a ofrecerse desde noviembre. <\/li>\n<\/ul>\n<p>\u200bEl lunes se realizar\u00e1 la primera licitaci\u00f3n entre el FGS de Anses con entidades financieras. Los bancos pulsear\u00e1n por $200.000 millones en plazos fijos de hasta 5 a\u00f1os. Los pr\u00e9stamos a familias comenzar\u00e1n a ofrecerse desde noviembre.\u00a0<a href=\"https:\/\/www.clarin.com\/economia\/creditos-hipotecarios-arranca-programa-gobierno-darle-fondeo-bancos_0_MRbQzIf6Gj.html\" target=\"_blank\" class=\"feedzy-rss-link-icon\">Read More<\/a><\/p>","protected":false},"excerpt":{"rendered":"<p>El lunes se realizar\u00e1 la primera licitaci\u00f3n entre el FGS de Anses con entidades financieras&#8230;.<\/p>\n","protected":false},"author":1,"featured_media":0,"comment_status":"open","ping_status":"open","sticky":false,"template":"","format":"standard","meta":{"footnotes":"","_members_access_role":[],"_members_access_error":""},"categories":[3],"tags":[],"class_list":["post-71490","post","type-post","status-publish","format-standard","has-post-thumbnail","hentry","category-nacionales"],"_links":{"self":[{"href":"https:\/\/masquenoticiastucuman.com.ar\/index.php?rest_route=\/wp\/v2\/posts\/71490","targetHints":{"allow":["GET"]}}],"collection":[{"href":"https:\/\/masquenoticiastucuman.com.ar\/index.php?rest_route=\/wp\/v2\/posts"}],"about":[{"href":"https:\/\/masquenoticiastucuman.com.ar\/index.php?rest_route=\/wp\/v2\/types\/post"}],"author":[{"embeddable":true,"href":"https:\/\/masquenoticiastucuman.com.ar\/index.php?rest_route=\/wp\/v2\/users\/1"}],"replies":[{"embeddable":true,"href":"https:\/\/masquenoticiastucuman.com.ar\/index.php?rest_route=%2Fwp%2Fv2%2Fcomments&post=71490"}],"version-history":[{"count":0,"href":"https:\/\/masquenoticiastucuman.com.ar\/index.php?rest_route=\/wp\/v2\/posts\/71490\/revisions"}],"wp:attachment":[{"href":"https:\/\/masquenoticiastucuman.com.ar\/index.php?rest_route=%2Fwp%2Fv2%2Fmedia&parent=71490"}],"wp:term":[{"taxonomy":"category","embeddable":true,"href":"https:\/\/masquenoticiastucuman.com.ar\/index.php?rest_route=%2Fwp%2Fv2%2Fcategories&post=71490"},{"taxonomy":"post_tag","embeddable":true,"href":"https:\/\/masquenoticiastucuman.com.ar\/index.php?rest_route=%2Fwp%2Fv2%2Ftags&post=71490"}],"curies":[{"name":"wp","href":"https:\/\/api.w.org\/{rel}","templated":true}]}}