{"id":71494,"date":"2026-09-04T19:54:41","date_gmt":"2026-09-04T22:54:41","guid":{"rendered":"http:\/\/masquenoticiastucuman.com.ar\/?p=71494"},"modified":"2026-09-04T19:54:41","modified_gmt":"2026-09-04T22:54:41","slug":"exequiel-palacios-tuvo-su-primer-partido-como-titular-en-la-premier-league-pero-el-que-festejo-fue-alexis-mac-allister","status":"publish","type":"post","link":"https:\/\/masquenoticiastucuman.com.ar\/?p=71494","title":{"rendered":"Exequiel Palacios tuvo su primer partido como titular en la Premier League, pero el que festej\u00f3 fue Alexis Mac Allister"},"content":{"rendered":"<ul>\n<li>El mediocampista argentino fue incluido por primera vez desde el arranque en el equipo de Ipswich.<\/li>\n<li>El conjunto local cay\u00f3 2-0 ante Liverpool, que cont\u00f3 con Alexis Mac Allister.<\/li>\n<li>Palacios disput\u00f3 los 90 minutos y dio un nuevo paso en su adaptaci\u00f3n al f\u00fatbol ingl\u00e9s.<\/li>\n<\/ul>\n<p>\u200bEl mediocampista argentino fue incluido por primera vez desde el arranque en el equipo de Ipswich.El conjunto local cay\u00f3 2-0 ante Liverpool, que cont\u00f3 con Alexis Mac Allister.Palacios disput\u00f3 los 90 minutos y dio un nuevo paso en su adaptaci\u00f3n al f\u00fatbol ingl\u00e9s.\u00a0<a href=\"https:\/\/www.clarin.com\/deportes\/exequiel-palacios-primer-partido-titular-premier-league-festejo-alexis-mac-allister_0_UXi3kSlWbW.html\" target=\"_blank\" class=\"feedzy-rss-link-icon\">Read More<\/a><\/p>","protected":false},"excerpt":{"rendered":"<p>El mediocampista argentino fue incluido por primera vez desde el arranque en el equipo de&#8230;<\/p>\n","protected":false},"author":1,"featured_media":0,"comment_status":"open","ping_status":"open","sticky":false,"template":"","format":"standard","meta":{"footnotes":"","_members_access_role":[],"_members_access_error":""},"categories":[6],"tags":[],"class_list":["post-71494","post","type-post","status-publish","format-standard","has-post-thumbnail","hentry","category-deportes"],"_links":{"self":[{"href":"https:\/\/masquenoticiastucuman.com.ar\/index.php?rest_route=\/wp\/v2\/posts\/71494","targetHints":{"allow":["GET"]}}],"collection":[{"href":"https:\/\/masquenoticiastucuman.com.ar\/index.php?rest_route=\/wp\/v2\/posts"}],"about":[{"href":"https:\/\/masquenoticiastucuman.com.ar\/index.php?rest_route=\/wp\/v2\/types\/post"}],"author":[{"embeddable":true,"href":"https:\/\/masquenoticiastucuman.com.ar\/index.php?rest_route=\/wp\/v2\/users\/1"}],"replies":[{"embeddable":true,"href":"https:\/\/masquenoticiastucuman.com.ar\/index.php?rest_route=%2Fwp%2Fv2%2Fcomments&post=71494"}],"version-history":[{"count":0,"href":"https:\/\/masquenoticiastucuman.com.ar\/index.php?rest_route=\/wp\/v2\/posts\/71494\/revisions"}],"wp:attachment":[{"href":"https:\/\/masquenoticiastucuman.com.ar\/index.php?rest_route=%2Fwp%2Fv2%2Fmedia&parent=71494"}],"wp:term":[{"taxonomy":"category","embeddable":true,"href":"https:\/\/masquenoticiastucuman.com.ar\/index.php?rest_route=%2Fwp%2Fv2%2Fcategories&post=71494"},{"taxonomy":"post_tag","embeddable":true,"href":"https:\/\/masquenoticiastucuman.com.ar\/index.php?rest_route=%2Fwp%2Fv2%2Ftags&post=71494"}],"curies":[{"name":"wp","href":"https:\/\/api.w.org\/{rel}","templated":true}]}}