{"id":71502,"date":"2026-09-04T22:11:15","date_gmt":"2026-09-05T01:11:15","guid":{"rendered":"http:\/\/masquenoticiastucuman.com.ar\/?p=71502"},"modified":"2026-09-04T22:11:15","modified_gmt":"2026-09-05T01:11:15","slug":"agostina-hein-se-bajo-de-los-juegos-suramericanos-por-su-recuperacion-tras-una-operacion-de-apendicitis","status":"publish","type":"post","link":"https:\/\/masquenoticiastucuman.com.ar\/?p=71502","title":{"rendered":"Agostina Hein se baj\u00f3 de los Juegos Suramericanos por su recuperaci\u00f3n tras una operaci\u00f3n de apendicitis"},"content":{"rendered":"<ul>\n<li>La nadadora argentina, de 18 a\u00f1os, no competir\u00e1 en Rosario.<\/li>\n<li>Se recupera de una operaci\u00f3n de urgencia por apendicitis.<\/li>\n<li>Decidi\u00f3 respetar los tiempos m\u00e9dicos para evitar complicaciones.<\/li>\n<\/ul>\n<p>\u200bLa nadadora argentina, de 18 a\u00f1os, no competir\u00e1 en Rosario.Se recupera de una operaci\u00f3n de urgencia por apendicitis.Decidi\u00f3 respetar los tiempos m\u00e9dicos para evitar complicaciones.\u00a0<a href=\"https:\/\/www.clarin.com\/deportes\/agostina-hein-juegos-suramericanos-recuperacion-operacion-apendicitis_0_GxPOjwQpUK.html\" target=\"_blank\" class=\"feedzy-rss-link-icon\">Read More<\/a><\/p>","protected":false},"excerpt":{"rendered":"<p>La nadadora argentina, de 18 a\u00f1os, no competir\u00e1 en Rosario. Se recupera de una operaci\u00f3n&#8230;<\/p>\n","protected":false},"author":1,"featured_media":0,"comment_status":"open","ping_status":"open","sticky":false,"template":"","format":"standard","meta":{"footnotes":"","_members_access_role":[],"_members_access_error":""},"categories":[6],"tags":[],"class_list":["post-71502","post","type-post","status-publish","format-standard","has-post-thumbnail","hentry","category-deportes"],"_links":{"self":[{"href":"https:\/\/masquenoticiastucuman.com.ar\/index.php?rest_route=\/wp\/v2\/posts\/71502","targetHints":{"allow":["GET"]}}],"collection":[{"href":"https:\/\/masquenoticiastucuman.com.ar\/index.php?rest_route=\/wp\/v2\/posts"}],"about":[{"href":"https:\/\/masquenoticiastucuman.com.ar\/index.php?rest_route=\/wp\/v2\/types\/post"}],"author":[{"embeddable":true,"href":"https:\/\/masquenoticiastucuman.com.ar\/index.php?rest_route=\/wp\/v2\/users\/1"}],"replies":[{"embeddable":true,"href":"https:\/\/masquenoticiastucuman.com.ar\/index.php?rest_route=%2Fwp%2Fv2%2Fcomments&post=71502"}],"version-history":[{"count":0,"href":"https:\/\/masquenoticiastucuman.com.ar\/index.php?rest_route=\/wp\/v2\/posts\/71502\/revisions"}],"wp:attachment":[{"href":"https:\/\/masquenoticiastucuman.com.ar\/index.php?rest_route=%2Fwp%2Fv2%2Fmedia&parent=71502"}],"wp:term":[{"taxonomy":"category","embeddable":true,"href":"https:\/\/masquenoticiastucuman.com.ar\/index.php?rest_route=%2Fwp%2Fv2%2Fcategories&post=71502"},{"taxonomy":"post_tag","embeddable":true,"href":"https:\/\/masquenoticiastucuman.com.ar\/index.php?rest_route=%2Fwp%2Fv2%2Ftags&post=71502"}],"curies":[{"name":"wp","href":"https:\/\/api.w.org\/{rel}","templated":true}]}}