{"id":71503,"date":"2026-09-04T21:52:41","date_gmt":"2026-09-05T00:52:41","guid":{"rendered":"http:\/\/masquenoticiastucuman.com.ar\/?p=71503"},"modified":"2026-09-04T21:52:41","modified_gmt":"2026-09-05T00:52:41","slug":"carlos-tevez-tendra-su-partido-homenaje-en-la-bombonera-a-fin-de-ano-pidio-la-cancha-y-riquelme-le-dio-el-si","status":"publish","type":"post","link":"https:\/\/masquenoticiastucuman.com.ar\/?p=71503","title":{"rendered":"Carlos Tevez tendr\u00e1 su partido homenaje en la Bombonera a fin de a\u00f1o: pidi\u00f3 la cancha y Riquelme le dio el s\u00ed"},"content":{"rendered":"<ul>\n<li>El Apache, que jug\u00f3 su \u00faltimo partido en Boca en 2021, empez\u00f3 a organizar su despedida.<\/li>\n<li>Ser\u00eda en diciembre y ya tiene el aval de la dirigencia del club.<\/li>\n<li>El ex delantero hab\u00eda sido cr\u00edtico con la gesti\u00f3n de Rom\u00e1n y hasta se mostr\u00f3 cerca de Mario Pergolini.<\/li>\n<\/ul>\n<p>\u200bEl Apache, que jug\u00f3 su \u00faltimo partido en Boca en 2021, empez\u00f3 a organizar su despedida.Ser\u00eda en diciembre y ya tiene el aval de la dirigencia del club.El ex delantero hab\u00eda sido cr\u00edtico con la gesti\u00f3n de Rom\u00e1n y hasta se mostr\u00f3 cerca de Mario Pergolini.\u00a0<a href=\"https:\/\/www.clarin.com\/deportes\/carlos-tevez-partido-homenaje-bombonera-fin-ano-pidio-cancha-riquelme-dio_0_ZutLlcD6Uw.html\" target=\"_blank\" class=\"feedzy-rss-link-icon\">Read More<\/a><\/p>","protected":false},"excerpt":{"rendered":"<p>El Apache, que jug\u00f3 su \u00faltimo partido en Boca en 2021, empez\u00f3 a organizar su&#8230;<\/p>\n","protected":false},"author":1,"featured_media":0,"comment_status":"open","ping_status":"open","sticky":false,"template":"","format":"standard","meta":{"footnotes":"","_members_access_role":[],"_members_access_error":""},"categories":[6],"tags":[],"class_list":["post-71503","post","type-post","status-publish","format-standard","has-post-thumbnail","hentry","category-deportes"],"_links":{"self":[{"href":"https:\/\/masquenoticiastucuman.com.ar\/index.php?rest_route=\/wp\/v2\/posts\/71503","targetHints":{"allow":["GET"]}}],"collection":[{"href":"https:\/\/masquenoticiastucuman.com.ar\/index.php?rest_route=\/wp\/v2\/posts"}],"about":[{"href":"https:\/\/masquenoticiastucuman.com.ar\/index.php?rest_route=\/wp\/v2\/types\/post"}],"author":[{"embeddable":true,"href":"https:\/\/masquenoticiastucuman.com.ar\/index.php?rest_route=\/wp\/v2\/users\/1"}],"replies":[{"embeddable":true,"href":"https:\/\/masquenoticiastucuman.com.ar\/index.php?rest_route=%2Fwp%2Fv2%2Fcomments&post=71503"}],"version-history":[{"count":0,"href":"https:\/\/masquenoticiastucuman.com.ar\/index.php?rest_route=\/wp\/v2\/posts\/71503\/revisions"}],"wp:attachment":[{"href":"https:\/\/masquenoticiastucuman.com.ar\/index.php?rest_route=%2Fwp%2Fv2%2Fmedia&parent=71503"}],"wp:term":[{"taxonomy":"category","embeddable":true,"href":"https:\/\/masquenoticiastucuman.com.ar\/index.php?rest_route=%2Fwp%2Fv2%2Fcategories&post=71503"},{"taxonomy":"post_tag","embeddable":true,"href":"https:\/\/masquenoticiastucuman.com.ar\/index.php?rest_route=%2Fwp%2Fv2%2Ftags&post=71503"}],"curies":[{"name":"wp","href":"https:\/\/api.w.org\/{rel}","templated":true}]}}