{"id":71506,"date":"2026-09-05T01:34:15","date_gmt":"2026-09-05T04:34:15","guid":{"rendered":"http:\/\/masquenoticiastucuman.com.ar\/?p=71506"},"modified":"2026-09-05T01:34:15","modified_gmt":"2026-09-05T04:34:15","slug":"colombia-detienen-a-un-francotirador-del-eln-por-planificar-un-atentado-contra-el-presidente-de-la-espriella","status":"publish","type":"post","link":"https:\/\/masquenoticiastucuman.com.ar\/?p=71506","title":{"rendered":"Colombia: detienen a un francotirador del ELN por planificar un atentado contra el presidente De la Espriella"},"content":{"rendered":"<ul>\n<li>&#8220;\u00a1Capturado el francotirador del ELN que particip\u00f3 en la planeaci\u00f3n de un atentado contra mi vida!&#8221;, celebr\u00f3 el mandatario.<\/li>\n<li>El sospechoso fue detenido el jueves y se lo conoce con el alias de Firulais.<\/li>\n<\/ul>\n<p>\u200b&#8221;\u00a1Capturado el francotirador del ELN que particip\u00f3 en la planeaci\u00f3n de un atentado contra mi vida!&#8221;, celebr\u00f3 el mandatario.El sospechoso fue detenido el jueves y se lo conoce con el alias de Firulais.\u00a0<a href=\"https:\/\/www.clarin.com\/mundo\/colombia-detienen-francotirador-eln-planificar-atentado-presidente-espriella_0_29LEY1zsPm.html\" target=\"_blank\" class=\"feedzy-rss-link-icon\">Read More<\/a><\/p>","protected":false},"excerpt":{"rendered":"<p>&#8220;\u00a1Capturado el francotirador del ELN que particip\u00f3 en la planeaci\u00f3n de un atentado contra mi&#8230;<\/p>\n","protected":false},"author":1,"featured_media":71507,"comment_status":"open","ping_status":"open","sticky":false,"template":"","format":"standard","meta":{"footnotes":"","_members_access_role":[],"_members_access_error":""},"categories":[4],"tags":[],"class_list":["post-71506","post","type-post","status-publish","format-standard","has-post-thumbnail","hentry","category-internacionales"],"_links":{"self":[{"href":"https:\/\/masquenoticiastucuman.com.ar\/index.php?rest_route=\/wp\/v2\/posts\/71506","targetHints":{"allow":["GET"]}}],"collection":[{"href":"https:\/\/masquenoticiastucuman.com.ar\/index.php?rest_route=\/wp\/v2\/posts"}],"about":[{"href":"https:\/\/masquenoticiastucuman.com.ar\/index.php?rest_route=\/wp\/v2\/types\/post"}],"author":[{"embeddable":true,"href":"https:\/\/masquenoticiastucuman.com.ar\/index.php?rest_route=\/wp\/v2\/users\/1"}],"replies":[{"embeddable":true,"href":"https:\/\/masquenoticiastucuman.com.ar\/index.php?rest_route=%2Fwp%2Fv2%2Fcomments&post=71506"}],"version-history":[{"count":0,"href":"https:\/\/masquenoticiastucuman.com.ar\/index.php?rest_route=\/wp\/v2\/posts\/71506\/revisions"}],"wp:featuredmedia":[{"embeddable":true,"href":"https:\/\/masquenoticiastucuman.com.ar\/index.php?rest_route=\/wp\/v2\/media\/71507"}],"wp:attachment":[{"href":"https:\/\/masquenoticiastucuman.com.ar\/index.php?rest_route=%2Fwp%2Fv2%2Fmedia&parent=71506"}],"wp:term":[{"taxonomy":"category","embeddable":true,"href":"https:\/\/masquenoticiastucuman.com.ar\/index.php?rest_route=%2Fwp%2Fv2%2Fcategories&post=71506"},{"taxonomy":"post_tag","embeddable":true,"href":"https:\/\/masquenoticiastucuman.com.ar\/index.php?rest_route=%2Fwp%2Fv2%2Ftags&post=71506"}],"curies":[{"name":"wp","href":"https:\/\/api.w.org\/{rel}","templated":true}]}}