{"id":71511,"date":"2026-09-05T02:42:16","date_gmt":"2026-09-05T05:42:16","guid":{"rendered":"http:\/\/masquenoticiastucuman.com.ar\/?p=71511"},"modified":"2026-09-05T02:42:16","modified_gmt":"2026-09-05T05:42:16","slug":"murio-camilo-escalona-expresidente-del-partido-socialista-de-chile-a-los-71-anos","status":"publish","type":"post","link":"https:\/\/masquenoticiastucuman.com.ar\/?p=71511","title":{"rendered":"Muri\u00f3 Camilo Escalona, expresidente del Partido Socialista de Chile, a los 71 a\u00f1os"},"content":{"rendered":"<ul>\n<li>El presidente Jos\u00e9 Kast lo despidi\u00f3 en las redes sociales.<\/li>\n<li>Nunca ocup\u00f3 un cargo de ministro, ni fue candidato presidencial, vivi\u00f3 en el exilio tras el golpe.<\/li>\n<\/ul>\n<p>\u200bEl presidente Jos\u00e9 Kast lo despidi\u00f3 en las redes sociales.Nunca ocup\u00f3 un cargo de ministro, ni fue candidato presidencial, vivi\u00f3 en el exilio tras el golpe.\u00a0<a href=\"https:\/\/www.clarin.com\/mundo\/murio-camilo-escalona-expresidente-partido-socialista-chile-71-anos_0_KRQnQeaqrQ.html\" target=\"_blank\" class=\"feedzy-rss-link-icon\">Read More<\/a><\/p>","protected":false},"excerpt":{"rendered":"<p>El presidente Jos\u00e9 Kast lo despidi\u00f3 en las redes sociales. Nunca ocup\u00f3 un cargo de&#8230;<\/p>\n","protected":false},"author":1,"featured_media":71512,"comment_status":"open","ping_status":"open","sticky":false,"template":"","format":"standard","meta":{"footnotes":"","_members_access_role":[],"_members_access_error":""},"categories":[4],"tags":[],"class_list":["post-71511","post","type-post","status-publish","format-standard","has-post-thumbnail","hentry","category-internacionales"],"_links":{"self":[{"href":"https:\/\/masquenoticiastucuman.com.ar\/index.php?rest_route=\/wp\/v2\/posts\/71511","targetHints":{"allow":["GET"]}}],"collection":[{"href":"https:\/\/masquenoticiastucuman.com.ar\/index.php?rest_route=\/wp\/v2\/posts"}],"about":[{"href":"https:\/\/masquenoticiastucuman.com.ar\/index.php?rest_route=\/wp\/v2\/types\/post"}],"author":[{"embeddable":true,"href":"https:\/\/masquenoticiastucuman.com.ar\/index.php?rest_route=\/wp\/v2\/users\/1"}],"replies":[{"embeddable":true,"href":"https:\/\/masquenoticiastucuman.com.ar\/index.php?rest_route=%2Fwp%2Fv2%2Fcomments&post=71511"}],"version-history":[{"count":0,"href":"https:\/\/masquenoticiastucuman.com.ar\/index.php?rest_route=\/wp\/v2\/posts\/71511\/revisions"}],"wp:featuredmedia":[{"embeddable":true,"href":"https:\/\/masquenoticiastucuman.com.ar\/index.php?rest_route=\/wp\/v2\/media\/71512"}],"wp:attachment":[{"href":"https:\/\/masquenoticiastucuman.com.ar\/index.php?rest_route=%2Fwp%2Fv2%2Fmedia&parent=71511"}],"wp:term":[{"taxonomy":"category","embeddable":true,"href":"https:\/\/masquenoticiastucuman.com.ar\/index.php?rest_route=%2Fwp%2Fv2%2Fcategories&post=71511"},{"taxonomy":"post_tag","embeddable":true,"href":"https:\/\/masquenoticiastucuman.com.ar\/index.php?rest_route=%2Fwp%2Fv2%2Ftags&post=71511"}],"curies":[{"name":"wp","href":"https:\/\/api.w.org\/{rel}","templated":true}]}}