{"id":71513,"date":"2026-09-05T06:00:21","date_gmt":"2026-09-05T09:00:21","guid":{"rendered":"http:\/\/masquenoticiastucuman.com.ar\/?p=71513"},"modified":"2026-09-05T06:00:21","modified_gmt":"2026-09-05T09:00:21","slug":"las-malvinas-y-los-ministros-de-economia-de-aquella-desestabilizacion-con-roberto-alemann-a-este-intento-por-estabilizar-de-luis-caputo","status":"publish","type":"post","link":"https:\/\/masquenoticiastucuman.com.ar\/?p=71513","title":{"rendered":"Las Malvinas y los ministros de Econom\u00eda: de aquella desestabilizaci\u00f3n con Roberto Alemann a este intento por estabilizar de Luis Caputo"},"content":{"rendered":"<p><strong>Econom\u00eda de No Ficci\u00f3n.<\/strong> \u201cAdapt\u00e9 la econom\u00eda a una guerra\u201d, admiti\u00f3 Roberto Alemann, ministro de Econom\u00eda en 1982. El d\u00e9ficit fiscal se dispar\u00f3 a m\u00e1s de 10% del PBI y la inflaci\u00f3n a 210%\u201d.<\/p>\n<p>\u200bEconom\u00eda de No Ficci\u00f3n. \u201cAdapt\u00e9 la econom\u00eda a una guerra\u201d, admiti\u00f3 Roberto Alemann, ministro de Econom\u00eda en 1982. El d\u00e9ficit fiscal se dispar\u00f3 a m\u00e1s de 10% del PBI y la inflaci\u00f3n a 210%\u201d.\u00a0<a href=\"https:\/\/www.clarin.com\/economia\/malvinas-ministros-economia-desestabilizacion-roberto-alemann-intento-estabilizar-luis-caputo_0_gE9Sa5CjxN.html\" target=\"_blank\" class=\"feedzy-rss-link-icon\">Read More<\/a><\/p>","protected":false},"excerpt":{"rendered":"<p>Econom\u00eda de No Ficci\u00f3n. \u201cAdapt\u00e9 la econom\u00eda a una guerra\u201d, admiti\u00f3 Roberto Alemann, ministro de&#8230;<\/p>\n","protected":false},"author":1,"featured_media":0,"comment_status":"open","ping_status":"open","sticky":false,"template":"","format":"standard","meta":{"footnotes":"","_members_access_role":[],"_members_access_error":""},"categories":[3],"tags":[],"class_list":["post-71513","post","type-post","status-publish","format-standard","has-post-thumbnail","hentry","category-nacionales"],"_links":{"self":[{"href":"https:\/\/masquenoticiastucuman.com.ar\/index.php?rest_route=\/wp\/v2\/posts\/71513","targetHints":{"allow":["GET"]}}],"collection":[{"href":"https:\/\/masquenoticiastucuman.com.ar\/index.php?rest_route=\/wp\/v2\/posts"}],"about":[{"href":"https:\/\/masquenoticiastucuman.com.ar\/index.php?rest_route=\/wp\/v2\/types\/post"}],"author":[{"embeddable":true,"href":"https:\/\/masquenoticiastucuman.com.ar\/index.php?rest_route=\/wp\/v2\/users\/1"}],"replies":[{"embeddable":true,"href":"https:\/\/masquenoticiastucuman.com.ar\/index.php?rest_route=%2Fwp%2Fv2%2Fcomments&post=71513"}],"version-history":[{"count":0,"href":"https:\/\/masquenoticiastucuman.com.ar\/index.php?rest_route=\/wp\/v2\/posts\/71513\/revisions"}],"wp:attachment":[{"href":"https:\/\/masquenoticiastucuman.com.ar\/index.php?rest_route=%2Fwp%2Fv2%2Fmedia&parent=71513"}],"wp:term":[{"taxonomy":"category","embeddable":true,"href":"https:\/\/masquenoticiastucuman.com.ar\/index.php?rest_route=%2Fwp%2Fv2%2Fcategories&post=71513"},{"taxonomy":"post_tag","embeddable":true,"href":"https:\/\/masquenoticiastucuman.com.ar\/index.php?rest_route=%2Fwp%2Fv2%2Ftags&post=71513"}],"curies":[{"name":"wp","href":"https:\/\/api.w.org\/{rel}","templated":true}]}}