{"id":71514,"date":"2026-09-05T06:00:20","date_gmt":"2026-09-05T09:00:20","guid":{"rendered":"http:\/\/masquenoticiastucuman.com.ar\/?p=71514"},"modified":"2026-09-05T06:00:20","modified_gmt":"2026-09-05T09:00:20","slug":"los-1-000-dias-de-milei-el-semaforo-de-la-economia-entre-la-inflacion-el-dolar-la-pobreza-y-la-actividad","status":"publish","type":"post","link":"https:\/\/masquenoticiastucuman.com.ar\/?p=71514","title":{"rendered":"Los 1.000 d\u00edas de Milei: el sem\u00e1foro de la econom\u00eda entre la inflaci\u00f3n, el d\u00f3lar, la pobreza y la actividad"},"content":{"rendered":"<ul>\n<li>El balance de la gesti\u00f3n econ\u00f3mica muestra una fuerte mejora en la suba de precios y las cuentas p\u00fablicas.<\/li>\n<li>Pero presenta un mercado laboral m\u00e1s deteriorado y una recuperaci\u00f3n de la actividad desigual.<\/li>\n<li>Un repaso por las principales variables.<\/li>\n<\/ul>\n<p>\u200bEl balance de la gesti\u00f3n econ\u00f3mica muestra una fuerte mejora en la suba de precios y las cuentas p\u00fablicas.Pero presenta un mercado laboral m\u00e1s deteriorado y una recuperaci\u00f3n de la actividad desigual.Un repaso por las principales variables.\u00a0<a href=\"https:\/\/www.clarin.com\/economia\/1000-dias-milei-semaforo-economia-inflacion-dolar-pobreza-actividad_0_FMmOSxKtW2.html\" target=\"_blank\" class=\"feedzy-rss-link-icon\">Read More<\/a><\/p>","protected":false},"excerpt":{"rendered":"<p>El balance de la gesti\u00f3n econ\u00f3mica muestra una fuerte mejora en la suba de precios&#8230;<\/p>\n","protected":false},"author":1,"featured_media":0,"comment_status":"open","ping_status":"open","sticky":false,"template":"","format":"standard","meta":{"footnotes":"","_members_access_role":[],"_members_access_error":""},"categories":[3],"tags":[],"class_list":["post-71514","post","type-post","status-publish","format-standard","has-post-thumbnail","hentry","category-nacionales"],"_links":{"self":[{"href":"https:\/\/masquenoticiastucuman.com.ar\/index.php?rest_route=\/wp\/v2\/posts\/71514","targetHints":{"allow":["GET"]}}],"collection":[{"href":"https:\/\/masquenoticiastucuman.com.ar\/index.php?rest_route=\/wp\/v2\/posts"}],"about":[{"href":"https:\/\/masquenoticiastucuman.com.ar\/index.php?rest_route=\/wp\/v2\/types\/post"}],"author":[{"embeddable":true,"href":"https:\/\/masquenoticiastucuman.com.ar\/index.php?rest_route=\/wp\/v2\/users\/1"}],"replies":[{"embeddable":true,"href":"https:\/\/masquenoticiastucuman.com.ar\/index.php?rest_route=%2Fwp%2Fv2%2Fcomments&post=71514"}],"version-history":[{"count":0,"href":"https:\/\/masquenoticiastucuman.com.ar\/index.php?rest_route=\/wp\/v2\/posts\/71514\/revisions"}],"wp:attachment":[{"href":"https:\/\/masquenoticiastucuman.com.ar\/index.php?rest_route=%2Fwp%2Fv2%2Fmedia&parent=71514"}],"wp:term":[{"taxonomy":"category","embeddable":true,"href":"https:\/\/masquenoticiastucuman.com.ar\/index.php?rest_route=%2Fwp%2Fv2%2Fcategories&post=71514"},{"taxonomy":"post_tag","embeddable":true,"href":"https:\/\/masquenoticiastucuman.com.ar\/index.php?rest_route=%2Fwp%2Fv2%2Ftags&post=71514"}],"curies":[{"name":"wp","href":"https:\/\/api.w.org\/{rel}","templated":true}]}}