{"id":71515,"date":"2026-09-05T04:38:17","date_gmt":"2026-09-05T07:38:17","guid":{"rendered":"http:\/\/masquenoticiastucuman.com.ar\/?p=71515"},"modified":"2026-09-05T04:38:17","modified_gmt":"2026-09-05T07:38:17","slug":"gano-togo-festeja-africa-y-ee-uu-habla-de-burla-la-onu-adopto-una-reforma-clave-en-la-cartografia-y-presento-su-nuevo-mapa-del-mundo","status":"publish","type":"post","link":"https:\/\/masquenoticiastucuman.com.ar\/?p=71515","title":{"rendered":"Gan\u00f3 Togo, festeja \u00c1frica y EE.UU. habla de &#8220;burla&#8221;: la ONU adopt\u00f3 una reforma clave en la cartograf\u00eda y present\u00f3 su nuevo mapa del mundo"},"content":{"rendered":"<ul>\n<li>Las Naciones Unidas abandonan la proyecci\u00f3n de Mercator, que ampl\u00eda artificialmente algunos territorios.<\/li>\n<li>Por que la delegaci\u00f3n de Washington fue la \u00fanica que vot\u00f3 en contra.<\/li>\n<\/ul>\n<p>\u200bLas Naciones Unidas abandonan la proyecci\u00f3n de Mercator, que ampl\u00eda artificialmente algunos territorios.Por que la delegaci\u00f3n de Washington fue la \u00fanica que vot\u00f3 en contra.\u00a0<a href=\"https:\/\/www.clarin.com\/mundo\/gano-togo-festeja-africa-eeuu-habla-burla-onu-adopto-reforma-clave-cartografia-presento-nuevo-mapa-mundo_0_6iPpbiiNWh.html\" target=\"_blank\" class=\"feedzy-rss-link-icon\">Read More<\/a><\/p>","protected":false},"excerpt":{"rendered":"<p>Las Naciones Unidas abandonan la proyecci\u00f3n de Mercator, que ampl\u00eda artificialmente algunos territorios. Por que&#8230;<\/p>\n","protected":false},"author":1,"featured_media":71516,"comment_status":"open","ping_status":"open","sticky":false,"template":"","format":"standard","meta":{"footnotes":"","_members_access_role":[],"_members_access_error":""},"categories":[4],"tags":[],"class_list":["post-71515","post","type-post","status-publish","format-standard","has-post-thumbnail","hentry","category-internacionales"],"_links":{"self":[{"href":"https:\/\/masquenoticiastucuman.com.ar\/index.php?rest_route=\/wp\/v2\/posts\/71515","targetHints":{"allow":["GET"]}}],"collection":[{"href":"https:\/\/masquenoticiastucuman.com.ar\/index.php?rest_route=\/wp\/v2\/posts"}],"about":[{"href":"https:\/\/masquenoticiastucuman.com.ar\/index.php?rest_route=\/wp\/v2\/types\/post"}],"author":[{"embeddable":true,"href":"https:\/\/masquenoticiastucuman.com.ar\/index.php?rest_route=\/wp\/v2\/users\/1"}],"replies":[{"embeddable":true,"href":"https:\/\/masquenoticiastucuman.com.ar\/index.php?rest_route=%2Fwp%2Fv2%2Fcomments&post=71515"}],"version-history":[{"count":0,"href":"https:\/\/masquenoticiastucuman.com.ar\/index.php?rest_route=\/wp\/v2\/posts\/71515\/revisions"}],"wp:featuredmedia":[{"embeddable":true,"href":"https:\/\/masquenoticiastucuman.com.ar\/index.php?rest_route=\/wp\/v2\/media\/71516"}],"wp:attachment":[{"href":"https:\/\/masquenoticiastucuman.com.ar\/index.php?rest_route=%2Fwp%2Fv2%2Fmedia&parent=71515"}],"wp:term":[{"taxonomy":"category","embeddable":true,"href":"https:\/\/masquenoticiastucuman.com.ar\/index.php?rest_route=%2Fwp%2Fv2%2Fcategories&post=71515"},{"taxonomy":"post_tag","embeddable":true,"href":"https:\/\/masquenoticiastucuman.com.ar\/index.php?rest_route=%2Fwp%2Fv2%2Ftags&post=71515"}],"curies":[{"name":"wp","href":"https:\/\/api.w.org\/{rel}","templated":true}]}}