{"id":71517,"date":"2026-09-05T06:00:18","date_gmt":"2026-09-05T09:00:18","guid":{"rendered":"http:\/\/masquenoticiastucuman.com.ar\/?p=71517"},"modified":"2026-09-05T06:00:18","modified_gmt":"2026-09-05T09:00:18","slug":"en-bici-y-en-grupo-pedaleando-por-uno-de-los-paisajes-mas-lindos-de-la-patagonia","status":"publish","type":"post","link":"https:\/\/masquenoticiastucuman.com.ar\/?p=71517","title":{"rendered":"En bici y en grupo, pedaleando por uno de los paisajes m\u00e1s lindos de la Patagonia"},"content":{"rendered":"<ul>\n<li>El cl\u00e1sico tramo de la Ruta 40 entre Villa La Angostura y San Mart\u00edn de los Andes atrae cada vez a m\u00e1s viajeros maduros. <\/li>\n<li>Opciones de alquiler, bicis el\u00e9ctricas, log\u00edsticas y el testimonio de quienes se animaron a la traves\u00eda.<\/li>\n<\/ul>\n<p>\u200bEl cl\u00e1sico tramo de la Ruta 40 entre Villa La Angostura y San Mart\u00edn de los Andes atrae cada vez a m\u00e1s viajeros maduros. Opciones de alquiler, bicis el\u00e9ctricas, log\u00edsticas y el testimonio de quienes se animaron a la traves\u00eda.\u00a0<a href=\"https:\/\/www.clarin.com\/viajes\/bici-grupo-pedaleando-paisajes-lindos-patagonia_0_jAP97duLqx.html\" target=\"_blank\" class=\"feedzy-rss-link-icon\">Read More<\/a><\/p>","protected":false},"excerpt":{"rendered":"<p>El cl\u00e1sico tramo de la Ruta 40 entre Villa La Angostura y San Mart\u00edn de&#8230;<\/p>\n","protected":false},"author":1,"featured_media":0,"comment_status":"open","ping_status":"open","sticky":false,"template":"","format":"standard","meta":{"footnotes":"","_members_access_role":[],"_members_access_error":""},"categories":[7],"tags":[],"class_list":["post-71517","post","type-post","status-publish","format-standard","has-post-thumbnail","hentry","category-turismo"],"_links":{"self":[{"href":"https:\/\/masquenoticiastucuman.com.ar\/index.php?rest_route=\/wp\/v2\/posts\/71517","targetHints":{"allow":["GET"]}}],"collection":[{"href":"https:\/\/masquenoticiastucuman.com.ar\/index.php?rest_route=\/wp\/v2\/posts"}],"about":[{"href":"https:\/\/masquenoticiastucuman.com.ar\/index.php?rest_route=\/wp\/v2\/types\/post"}],"author":[{"embeddable":true,"href":"https:\/\/masquenoticiastucuman.com.ar\/index.php?rest_route=\/wp\/v2\/users\/1"}],"replies":[{"embeddable":true,"href":"https:\/\/masquenoticiastucuman.com.ar\/index.php?rest_route=%2Fwp%2Fv2%2Fcomments&post=71517"}],"version-history":[{"count":0,"href":"https:\/\/masquenoticiastucuman.com.ar\/index.php?rest_route=\/wp\/v2\/posts\/71517\/revisions"}],"wp:attachment":[{"href":"https:\/\/masquenoticiastucuman.com.ar\/index.php?rest_route=%2Fwp%2Fv2%2Fmedia&parent=71517"}],"wp:term":[{"taxonomy":"category","embeddable":true,"href":"https:\/\/masquenoticiastucuman.com.ar\/index.php?rest_route=%2Fwp%2Fv2%2Fcategories&post=71517"},{"taxonomy":"post_tag","embeddable":true,"href":"https:\/\/masquenoticiastucuman.com.ar\/index.php?rest_route=%2Fwp%2Fv2%2Ftags&post=71517"}],"curies":[{"name":"wp","href":"https:\/\/api.w.org\/{rel}","templated":true}]}}