{"id":71519,"date":"2026-09-05T06:00:21","date_gmt":"2026-09-05T09:00:21","guid":{"rendered":"http:\/\/masquenoticiastucuman.com.ar\/?p=71519"},"modified":"2026-09-05T06:00:21","modified_gmt":"2026-09-05T09:00:21","slug":"los-pumas-vs-wallabies-en-mendoza-la-oportunidad-del-equipo-de-contepomi-de-despedirse-del-publico-argentino-con-una-victoria","status":"publish","type":"post","link":"https:\/\/masquenoticiastucuman.com.ar\/?p=71519","title":{"rendered":"Los Pumas vs Wallabies, en Mendoza: la oportunidad del equipo de Contepomi de despedirse del p\u00fablico argentino con una victoria"},"content":{"rendered":"<ul>\n<li>Ser\u00e1 el sexto partido del calendario en la Argentina: cerrar\u00e1 el a\u00f1o deportivo en Europa en la definici\u00f3n del Nations Championship.<\/li>\n<li>Hay cuatro cambios respecto al \u00faltimo XV y dos jugadores que esperan en el banco por sus debuts en el Seleccionado.<\/li>\n<\/ul>\n<p>\u200bSer\u00e1 el sexto partido del calendario en la Argentina: cerrar\u00e1 el a\u00f1o deportivo en Europa en la definici\u00f3n del Nations Championship.Hay cuatro cambios respecto al \u00faltimo XV y dos jugadores que esperan en el banco por sus debuts en el Seleccionado.\u00a0<a href=\"https:\/\/www.clarin.com\/deportes\/pumas-vs-wallabies-mendoza-oportunidad-equipo-contepomi-despedirse-publico-argentino-victoria_0_Sos5KHpAzr.html\" target=\"_blank\" class=\"feedzy-rss-link-icon\">Read More<\/a><\/p>","protected":false},"excerpt":{"rendered":"<p>Ser\u00e1 el sexto partido del calendario en la Argentina: cerrar\u00e1 el a\u00f1o deportivo en Europa&#8230;<\/p>\n","protected":false},"author":1,"featured_media":0,"comment_status":"open","ping_status":"open","sticky":false,"template":"","format":"standard","meta":{"footnotes":"","_members_access_role":[],"_members_access_error":""},"categories":[6],"tags":[],"class_list":["post-71519","post","type-post","status-publish","format-standard","has-post-thumbnail","hentry","category-deportes"],"_links":{"self":[{"href":"https:\/\/masquenoticiastucuman.com.ar\/index.php?rest_route=\/wp\/v2\/posts\/71519","targetHints":{"allow":["GET"]}}],"collection":[{"href":"https:\/\/masquenoticiastucuman.com.ar\/index.php?rest_route=\/wp\/v2\/posts"}],"about":[{"href":"https:\/\/masquenoticiastucuman.com.ar\/index.php?rest_route=\/wp\/v2\/types\/post"}],"author":[{"embeddable":true,"href":"https:\/\/masquenoticiastucuman.com.ar\/index.php?rest_route=\/wp\/v2\/users\/1"}],"replies":[{"embeddable":true,"href":"https:\/\/masquenoticiastucuman.com.ar\/index.php?rest_route=%2Fwp%2Fv2%2Fcomments&post=71519"}],"version-history":[{"count":0,"href":"https:\/\/masquenoticiastucuman.com.ar\/index.php?rest_route=\/wp\/v2\/posts\/71519\/revisions"}],"wp:attachment":[{"href":"https:\/\/masquenoticiastucuman.com.ar\/index.php?rest_route=%2Fwp%2Fv2%2Fmedia&parent=71519"}],"wp:term":[{"taxonomy":"category","embeddable":true,"href":"https:\/\/masquenoticiastucuman.com.ar\/index.php?rest_route=%2Fwp%2Fv2%2Fcategories&post=71519"},{"taxonomy":"post_tag","embeddable":true,"href":"https:\/\/masquenoticiastucuman.com.ar\/index.php?rest_route=%2Fwp%2Fv2%2Ftags&post=71519"}],"curies":[{"name":"wp","href":"https:\/\/api.w.org\/{rel}","templated":true}]}}