{"id":71520,"date":"2026-09-05T06:00:21","date_gmt":"2026-09-05T09:00:21","guid":{"rendered":"http:\/\/masquenoticiastucuman.com.ar\/?p=71520"},"modified":"2026-09-05T06:00:21","modified_gmt":"2026-09-05T09:00:21","slug":"messi-vuelve-a-jugar-con-inter-miami-tras-su-adios-a-la-seleccion-y-se-reencontrara-con-el-tata-martino","status":"publish","type":"post","link":"https:\/\/masquenoticiastucuman.com.ar\/?p=71520","title":{"rendered":"Messi vuelve a jugar con Inter Miami tras su adi\u00f3s a la Selecci\u00f3n y se reencontrar\u00e1 con el Tata Martino"},"content":{"rendered":"<ul>\n<li>El rosarino volver\u00e1 a jugar cinco d\u00edas despu\u00e9s de anunciar su retiro del seleccionado argentino.<\/li>\n<li>Inter Miami recibir\u00e1 a Atlanta United por la MLS y Messi volver\u00e1 a encontrarse con Gerardo Martino.<\/li>\n<li>El capit\u00e1n viene de marcar cuatro goles ante Montreal y suma 18 tantos en 19 partidos en el torneo.<\/li>\n<\/ul>\n<p>\u200bEl rosarino volver\u00e1 a jugar cinco d\u00edas despu\u00e9s de anunciar su retiro del seleccionado argentino.Inter Miami recibir\u00e1 a Atlanta United por la MLS y Messi volver\u00e1 a encontrarse con Gerardo Martino.El capit\u00e1n viene de marcar cuatro goles ante Montreal y suma 18 tantos en 19 partidos en el torneo.\u00a0<a href=\"https:\/\/www.clarin.com\/deportes\/messi-vuelve-jugar-inter-miami-adios-seleccion-reencontrara-tata-martino_0_ddbYi36mP7.html\" target=\"_blank\" class=\"feedzy-rss-link-icon\">Read More<\/a><\/p>","protected":false},"excerpt":{"rendered":"<p>El rosarino volver\u00e1 a jugar cinco d\u00edas despu\u00e9s de anunciar su retiro del seleccionado argentino&#8230;.<\/p>\n","protected":false},"author":1,"featured_media":0,"comment_status":"open","ping_status":"open","sticky":false,"template":"","format":"standard","meta":{"footnotes":"","_members_access_role":[],"_members_access_error":""},"categories":[6],"tags":[],"class_list":["post-71520","post","type-post","status-publish","format-standard","has-post-thumbnail","hentry","category-deportes"],"_links":{"self":[{"href":"https:\/\/masquenoticiastucuman.com.ar\/index.php?rest_route=\/wp\/v2\/posts\/71520","targetHints":{"allow":["GET"]}}],"collection":[{"href":"https:\/\/masquenoticiastucuman.com.ar\/index.php?rest_route=\/wp\/v2\/posts"}],"about":[{"href":"https:\/\/masquenoticiastucuman.com.ar\/index.php?rest_route=\/wp\/v2\/types\/post"}],"author":[{"embeddable":true,"href":"https:\/\/masquenoticiastucuman.com.ar\/index.php?rest_route=\/wp\/v2\/users\/1"}],"replies":[{"embeddable":true,"href":"https:\/\/masquenoticiastucuman.com.ar\/index.php?rest_route=%2Fwp%2Fv2%2Fcomments&post=71520"}],"version-history":[{"count":0,"href":"https:\/\/masquenoticiastucuman.com.ar\/index.php?rest_route=\/wp\/v2\/posts\/71520\/revisions"}],"wp:attachment":[{"href":"https:\/\/masquenoticiastucuman.com.ar\/index.php?rest_route=%2Fwp%2Fv2%2Fmedia&parent=71520"}],"wp:term":[{"taxonomy":"category","embeddable":true,"href":"https:\/\/masquenoticiastucuman.com.ar\/index.php?rest_route=%2Fwp%2Fv2%2Fcategories&post=71520"},{"taxonomy":"post_tag","embeddable":true,"href":"https:\/\/masquenoticiastucuman.com.ar\/index.php?rest_route=%2Fwp%2Fv2%2Ftags&post=71520"}],"curies":[{"name":"wp","href":"https:\/\/api.w.org\/{rel}","templated":true}]}}