{"id":71525,"date":"2026-09-05T10:23:07","date_gmt":"2026-09-05T13:23:07","guid":{"rendered":"http:\/\/masquenoticiastucuman.com.ar\/?p=71525"},"modified":"2026-09-05T10:23:07","modified_gmt":"2026-09-05T13:23:07","slug":"tragedia-aerea-en-grecia-un-avion-militar-se-estrello-durante-una-exhibicion","status":"publish","type":"post","link":"https:\/\/masquenoticiastucuman.com.ar\/?p=71525","title":{"rendered":"Tragedia a\u00e9rea en Grecia: un avi\u00f3n militar se estrell\u00f3 durante una exhibici\u00f3n"},"content":{"rendered":"<ul>\n<li>El accidente se produjo en el marco de una de las actividades por la semana de la aviaci\u00f3n que se realiza todos los a\u00f1os en Atenas.<\/li>\n<\/ul>\n<p>\u200bEl accidente se produjo en el marco de una de las actividades por la semana de la aviaci\u00f3n que se realiza todos los a\u00f1os en Atenas.\u00a0<a href=\"https:\/\/www.clarin.com\/mundo\/tragedia-aerea-grecia-avion-militar-estrello-exhibicion_0_pYS0P2U3FS.html\" target=\"_blank\" class=\"feedzy-rss-link-icon\">Read More<\/a><\/p>","protected":false},"excerpt":{"rendered":"<p>El accidente se produjo en el marco de una de las actividades por la semana&#8230;<\/p>\n","protected":false},"author":1,"featured_media":71526,"comment_status":"open","ping_status":"open","sticky":false,"template":"","format":"standard","meta":{"footnotes":"","_members_access_role":[],"_members_access_error":""},"categories":[4],"tags":[],"class_list":["post-71525","post","type-post","status-publish","format-standard","has-post-thumbnail","hentry","category-internacionales"],"_links":{"self":[{"href":"https:\/\/masquenoticiastucuman.com.ar\/index.php?rest_route=\/wp\/v2\/posts\/71525","targetHints":{"allow":["GET"]}}],"collection":[{"href":"https:\/\/masquenoticiastucuman.com.ar\/index.php?rest_route=\/wp\/v2\/posts"}],"about":[{"href":"https:\/\/masquenoticiastucuman.com.ar\/index.php?rest_route=\/wp\/v2\/types\/post"}],"author":[{"embeddable":true,"href":"https:\/\/masquenoticiastucuman.com.ar\/index.php?rest_route=\/wp\/v2\/users\/1"}],"replies":[{"embeddable":true,"href":"https:\/\/masquenoticiastucuman.com.ar\/index.php?rest_route=%2Fwp%2Fv2%2Fcomments&post=71525"}],"version-history":[{"count":0,"href":"https:\/\/masquenoticiastucuman.com.ar\/index.php?rest_route=\/wp\/v2\/posts\/71525\/revisions"}],"wp:featuredmedia":[{"embeddable":true,"href":"https:\/\/masquenoticiastucuman.com.ar\/index.php?rest_route=\/wp\/v2\/media\/71526"}],"wp:attachment":[{"href":"https:\/\/masquenoticiastucuman.com.ar\/index.php?rest_route=%2Fwp%2Fv2%2Fmedia&parent=71525"}],"wp:term":[{"taxonomy":"category","embeddable":true,"href":"https:\/\/masquenoticiastucuman.com.ar\/index.php?rest_route=%2Fwp%2Fv2%2Fcategories&post=71525"},{"taxonomy":"post_tag","embeddable":true,"href":"https:\/\/masquenoticiastucuman.com.ar\/index.php?rest_route=%2Fwp%2Fv2%2Ftags&post=71525"}],"curies":[{"name":"wp","href":"https:\/\/api.w.org\/{rel}","templated":true}]}}