{"id":71529,"date":"2026-09-05T12:28:39","date_gmt":"2026-09-05T15:28:39","guid":{"rendered":"https:\/\/masquenoticiastucuman.com.ar\/?p=71529"},"modified":"2026-09-05T12:28:39","modified_gmt":"2026-09-05T15:28:39","slug":"jaldo-destaco-el-compromiso-con-los-trabajadores-de-la-salud","status":"publish","type":"post","link":"https:\/\/masquenoticiastucuman.com.ar\/?p=71529","title":{"rendered":"Jaldo destac\u00f3 el compromiso con los trabajadores de la salud"},"content":{"rendered":"\n<p class=\"wp-block-paragraph\">El gobernador Osvaldo Jaldo acompa\u00f1\u00f3 el cierre de campa\u00f1a de la Lista Azul de ATSA, encabezada por Ren\u00e9 Ram\u00edrez, y destac\u00f3 el trabajo de los trabajadores de la sanidad.<\/p>\n\n\n\n<p class=\"wp-block-paragraph\">El gobernador,&nbsp;<strong>Osvaldo Jaldo<\/strong>, particip\u00f3 hoy por la tarde de un acto en el marco de las elecciones en la Asociaci\u00f3n de Trabajadores de la Sanidad Argentina (ATSA), en el que le brind\u00f3 su apoyo a la conducci\u00f3n encabezada por&nbsp;<strong><\/strong><strong>Renee Ram\u00edrez<\/strong>&nbsp;y&nbsp;<strong>Dar\u00edo Ram\u00edrez<\/strong>, y destac\u00f3 el compromiso del Gobierno con los trabajadores de la salud.<\/p>\n\n\n\n<p class=\"wp-block-paragraph\">Del encuentro tambi\u00e9n participaron el vicegobernador&nbsp;<strong>Miguel Acevedo<\/strong>, la intendente de San Miguel de Tucum\u00e1n,&nbsp;<strong>Rossana Chahla<\/strong>; el ministro de Salud,<strong>&nbsp;Luis Medina Ruiz<\/strong>; el ministro de Seguridad,&nbsp;<strong>Eugenio Ag\u00fcero Gamboa<\/strong>, la diputada Nacional&nbsp;<strong>Gladys Medina<\/strong>&nbsp;y el legislador&nbsp;<strong>Ger\u00f3nimo Vargas Aignasse<\/strong>.<\/p>\n\n\n\n<p class=\"wp-block-paragraph\">Durante el acto Jaldo brind\u00f3 un fuerte respaldo pol\u00edtico a la conducci\u00f3n de ATSA e hizo hincapi\u00e9 en el compromiso de la provincia con los trabajadores de la salud p\u00fablica y privada.<\/p>\n\n\n\n<p class=\"wp-block-paragraph\">\u201cHemos querido venir a acompa\u00f1ar a un amigo, a un compa\u00f1ero, a quien est\u00e1 haciendo mucho por la salud p\u00fablica, desde la prestaci\u00f3n del servicio, de los que tienen diferentes roles en los hospitales p\u00fablicos, como as\u00ed tambi\u00e9n de la preparaci\u00f3n y capacitaci\u00f3n a trav\u00e9s de los 7.000 chicos y j\u00f3venes que est\u00e1n estudiando en las diferentes escuelas de ATSA, desde Amaicha del Valle hasta Trancas\u00bb, expres\u00f3 en apoyo a la candidatura de Ren\u00e9 Ram\u00edrez al frente de la Lista Azul para las elecciones del pr\u00f3ximo 11 de septiembre.<\/p>\n\n\n\n<p class=\"wp-block-paragraph\">En su discurso, el mandatario hizo un pausado reconocimiento al esfuerzo continuo del personal sanitario en la provincia: \u00abHemos venido a decir gracias. Gracias a toda la salud de la provincia, porque hoy ac\u00e1 tambi\u00e9n hay trabajadores de la salud privada, a quienes agradecemos mucho, y tambi\u00e9n hay trabajadores, no hay duda, de la salud p\u00fablica, del sistema provincial de salud, que son los que cuidan lo m\u00e1s apreciable del ser humano, son los que ponen el pecho y el cuerpo en los momentos dif\u00edciles, dif\u00edciles de pandemia, de epidemia, de diferentes momentos que le toc\u00f3 vivir a la Argentina y puntualmente a Tucum\u00e1n\u00bb.<\/p>\n\n\n\n<p class=\"wp-block-paragraph\">En ese marco, el titular del Poder Ejecutivo ratific\u00f3 las garant\u00edas laborales y los compromisos salariales asumidos con el sector: \u00abHemos asumido compromiso con los trabajadores de la salud. Y ese compromiso no es otra cosa que Tucum\u00e1n no deja a ning\u00fan trabajador que realmente tiene una funci\u00f3n, tiene un rol y presta un servicio. En Tucum\u00e1n los empleados p\u00fablicos son cuidados, son bien tratados, son respetados y estamos tambi\u00e9n, dentro de nuestras posibilidades, no solo pagando los sueldos en tiempo y forma, sino tambi\u00e9n teniendo los reconocimientos y los derechos que tiene cada uno de los empleados. Ac\u00e1 se habl\u00f3 de la carrera sanitaria, ac\u00e1 se habl\u00f3 de los reemplazantes, aqu\u00ed se habl\u00f3 de muchos temas que realmente a la gente de la salud claro que le interesa y claro que los beneficia\u00bb, remarc\u00f3.<\/p>\n\n\n\n<p class=\"wp-block-paragraph\">Finalmente, Jaldo dedic\u00f3 unas palabras al recambio dirigencial y al espacio de formaci\u00f3n juvenil que promueve el gremio: \u00abComo dec\u00eda el general, el recambio generacional est\u00e1, siempre los chicos, los j\u00f3venes est\u00e1n aprendiendo, capacit\u00e1ndose y muchas veces super\u00e1ndonos a los que ya peinamos canas. Muchas gracias a Dar\u00edo y a la comisi\u00f3n directiva que hoy nos ha recibido cari\u00f1osamente, afectuosamente y con mucho respeto ac\u00e1 en el gremio de ATSA\u00bb, concluy\u00f3.<\/p>\n\n\n\n<p class=\"wp-block-paragraph\">Por su parte, el vicegobernador Miguel Acevedo destac\u00f3 el acompa\u00f1amiento a la Lista Azul y sostuvo que respaldar a la conducci\u00f3n encabezada por Ren\u00e9 Ram\u00edrez implica acompa\u00f1ar al conjunto de los trabajadores de la salud.<\/p>\n\n\n\n<p class=\"wp-block-paragraph\">\u201cEntendemos que apoyar la Lista Azul es apoyar la salud de Tucum\u00e1n. Esta salud que est\u00e1 compuesta por trabajadores, no tan solo del espacio p\u00fablico, sino tambi\u00e9n de la salud privada. Ac\u00e1 est\u00e1n reunidos todos los trabajadores de todos los estamentos\u201d, afirm\u00f3.<\/p>\n\n\n\n<p class=\"wp-block-paragraph\">Acevedo valor\u00f3 adem\u00e1s el trabajo desarrollado por Ram\u00edrez al frente del gremio en materia de estabilidad y condiciones laborales, as\u00ed como las acciones destinadas a las familias de los trabajadores. En ese sentido, destac\u00f3 la infraestructura deportiva y recreativa del sindicato y el proyecto para construir viviendas.<\/p>\n\n\n\n<p class=\"wp-block-paragraph\">\u201cUn Ren\u00e9 Ram\u00edrez que apoy\u00f3 siempre a los trabajadores de la sanidad y en eso compartimos nosotros, por eso estamos ac\u00e1\u201d, expres\u00f3.<\/p>\n\n\n\n<p class=\"wp-block-paragraph\">La intendente de San Miguel de Tucum\u00e1n, Rossana Chahla, tambi\u00e9n destac\u00f3 el trabajo de Ram\u00edrez y su v\u00ednculo con los trabajadores de la salud. \u201cHa hecho mucho m\u00e1s que pedir m\u00e1s salario para la gente y estabilidad laboral. Ha generado un barrio para la gente de ATSA y un predio como este para la familia, con deporte, con pileta, con cancha, siempre pensando m\u00e1s all\u00e1 de lo laboral y del salario\u201d, se\u00f1al\u00f3.<\/p>\n\n\n\n<p class=\"wp-block-paragraph\">Chahla record\u00f3 adem\u00e1s el trabajo conjunto en materia de formaci\u00f3n de profesionales de la salud. \u201cJunto con \u00e9l hemos inaugurado tantas escuelas de enfermer\u00eda para que hoy 7.000 alumnos est\u00e9n estudiando enfermer\u00eda. Hemos trabajado tambi\u00e9n para el t\u00edtulo de enfermero, para que puedan trabajar los enfermeros, y ha estado luchando por todo lo que tiene que ver con la carrera sanitaria, para que la gente pueda escalar en la carrera dentro de la familia de la sanidad\u201d, sostuvo.<\/p>\n\n\n\n<p class=\"wp-block-paragraph\">La intendente remarc\u00f3 el v\u00ednculo construido con los trabajadores durante la pandemia y destac\u00f3 la colaboraci\u00f3n de Ram\u00edrez en ese per\u00edodo. \u201cTengo un aprecio muy especial por mi gente, por esta gente que siento parte de mi familia, porque he trabajado tanto con ellos, sobre todo en momentos dif\u00edciles. Uno tiene que tener memoria y ser agradecido, porque esta familia ha trabajado conmigo a la par de la pandemia\u201d, afirm\u00f3.<\/p>\n\n\n\n<p class=\"wp-block-paragraph\">En ese sentido, record\u00f3: \u201cRen\u00e9, el primer d\u00eda se puso a disposici\u00f3n y me dijo: \u2018Rosana, ac\u00e1 ten\u00e9s mi log\u00edstica, mi gente, todo para ponerlo a disposici\u00f3n de la poblaci\u00f3n\u2019\u201d.<\/p>\n\n\n\n<p class=\"wp-block-paragraph\">Por \u00faltimo, Ren\u00e9 Ram\u00edrez agradeci\u00f3 el acompa\u00f1amiento de las autoridades y destac\u00f3 el reconocimiento realizado por el gobernador al personal sanitario.<\/p>\n\n\n\n<p class=\"wp-block-paragraph\">\u201cQuiero agradecer el acompa\u00f1amiento del gobernador de la provincia, el vicegobernador y nuestra intendenta, y rescatar el mensaje y el gran reconocimiento de la autoridad m\u00e1xima de la provincia al trabajo desarrollado por el personal de la salud\u201d, manifest\u00f3.<\/p>\n\n\n\n<p class=\"wp-block-paragraph\">El dirigente sostuvo que la tarea sanitaria requiere vocaci\u00f3n y valor\u00f3 el compromiso expresado por el Gobierno provincial con los trabajadores. \u201cEs un trabajo especial, es un trabajo que lo hacen los trabajadores con vocaci\u00f3n, y obviamente hay que reconocer p\u00fablicamente y comprometerse a cuidar al trabajador en la estabilidad laboral y en el sueldo\u201d, afirm\u00f3.<\/p>\n\n\n\n<p class=\"wp-block-paragraph\">Ram\u00edrez se\u00f1al\u00f3 que el gremio continuar\u00e1 con las gestiones para atender las necesidades del sector. \u201cNosotros como gremio vamos a seguir gestionando y pidiendo las cosas que consideramos que le faltan al trabajador. Por eso vamos agradeciendo este acompa\u00f1amiento y, de esta manera, devolviendo a los trabajadores esa confianza que nos han dado hace m\u00e1s de 20 a\u00f1os\u201d, sostuvo.<\/p>\n\n\n\n<p class=\"wp-block-paragraph\">En relaci\u00f3n con los pr\u00f3ximos desaf\u00edos, anticip\u00f3 la necesidad de avanzar en modificaciones a la legislaci\u00f3n vinculada con la carrera sanitaria. \u201cEstamos convencidos de que tenemos la obligaci\u00f3n de participar desde adentro, no solamente mirar desde afuera. Nosotros creemos que nuestros compa\u00f1eros necesitan que se reformen muchas leyes de la carrera sanitaria. Por ejemplo, el duelo de dos d\u00edas: nadie se repone cuando fallece un ser querido en dos d\u00edas. Tenemos que modificar eso y lo vamos a hacer seguramente en el recinto de la Legislatura\u201d, concluy\u00f3.<\/p>\n","protected":false},"excerpt":{"rendered":"<p>El gobernador Osvaldo Jaldo acompa\u00f1\u00f3 el cierre de campa\u00f1a de la Lista Azul de ATSA,&#8230;<\/p>\n","protected":false},"author":2,"featured_media":71530,"comment_status":"open","ping_status":"open","sticky":false,"template":"","format":"standard","meta":{"footnotes":"","_members_access_role":[],"_members_access_error":""},"categories":[2],"tags":[],"class_list":["post-71529","post","type-post","status-publish","format-standard","has-post-thumbnail","hentry","category-locales"],"_links":{"self":[{"href":"https:\/\/masquenoticiastucuman.com.ar\/index.php?rest_route=\/wp\/v2\/posts\/71529","targetHints":{"allow":["GET"]}}],"collection":[{"href":"https:\/\/masquenoticiastucuman.com.ar\/index.php?rest_route=\/wp\/v2\/posts"}],"about":[{"href":"https:\/\/masquenoticiastucuman.com.ar\/index.php?rest_route=\/wp\/v2\/types\/post"}],"author":[{"embeddable":true,"href":"https:\/\/masquenoticiastucuman.com.ar\/index.php?rest_route=\/wp\/v2\/users\/2"}],"replies":[{"embeddable":true,"href":"https:\/\/masquenoticiastucuman.com.ar\/index.php?rest_route=%2Fwp%2Fv2%2Fcomments&post=71529"}],"version-history":[{"count":1,"href":"https:\/\/masquenoticiastucuman.com.ar\/index.php?rest_route=\/wp\/v2\/posts\/71529\/revisions"}],"predecessor-version":[{"id":71531,"href":"https:\/\/masquenoticiastucuman.com.ar\/index.php?rest_route=\/wp\/v2\/posts\/71529\/revisions\/71531"}],"wp:featuredmedia":[{"embeddable":true,"href":"https:\/\/masquenoticiastucuman.com.ar\/index.php?rest_route=\/wp\/v2\/media\/71530"}],"wp:attachment":[{"href":"https:\/\/masquenoticiastucuman.com.ar\/index.php?rest_route=%2Fwp%2Fv2%2Fmedia&parent=71529"}],"wp:term":[{"taxonomy":"category","embeddable":true,"href":"https:\/\/masquenoticiastucuman.com.ar\/index.php?rest_route=%2Fwp%2Fv2%2Fcategories&post=71529"},{"taxonomy":"post_tag","embeddable":true,"href":"https:\/\/masquenoticiastucuman.com.ar\/index.php?rest_route=%2Fwp%2Fv2%2Ftags&post=71529"}],"curies":[{"name":"wp","href":"https:\/\/api.w.org\/{rel}","templated":true}]}}