{"id":71535,"date":"2026-09-05T12:37:00","date_gmt":"2026-09-05T15:37:00","guid":{"rendered":"https:\/\/masquenoticiastucuman.com.ar\/?p=71535"},"modified":"2026-09-05T12:42:42","modified_gmt":"2026-09-05T15:42:42","slug":"tucuman-sintio-un-sismo-de-magnitud-de-47-tuvo-epicentro-en-salta-y-jujuy","status":"publish","type":"post","link":"https:\/\/masquenoticiastucuman.com.ar\/?p=71535","title":{"rendered":"Tucum\u00e1n sinti\u00f3 un sismo de magnitud de 4,7 : tuvo epicentro en Salta y Jujuy"},"content":{"rendered":"\n<p class=\"wp-block-paragraph\">El movimiento se produjo a las 8.37 y tuvo epicentro a 74 kil\u00f3metros al oeste de Cafayate y a 71 kil\u00f3metros al este de Antofagasta de la Sierra<\/p>\n\n\n\n<p class=\"wp-block-paragraph\">Un sismo de magnitud 4,7 se registr\u00f3 este s\u00e1bado a la ma\u00f1ana en Salta y fue percibido en San Miguel de Tucum\u00e1n y San Salvador de Jujuy, seg\u00fan inform\u00f3 el Instituto Nacional de Prevenci\u00f3n S\u00edsmica (Inpres).<\/p>\n\n\n\n<p class=\"wp-block-paragraph\">El movimiento se produjo a las 8.37 y tuvo epicentro a 74 kil\u00f3metros al oeste de Cafayate y a 71 kil\u00f3metros al este de Antofagasta de la Sierra, en las coordenadas -25.974 de latitud y -66.703 de longitud. Tuvo una profundidad de seis kil\u00f3metros.<\/p>\n\n\n\n<p class=\"wp-block-paragraph\">Cu\u00e1l fue la intensidad del sismo<\/p>\n\n\n\n<p class=\"wp-block-paragraph\">Seg\u00fan el reporte del Inpres, el temblor tuvo una intensidad d\u00e9bil en San Miguel de Tucum\u00e1n y Ciudad de Salta. En ambas zonas fue advertido principalmente por personas en reposo o que se encontraban en los pisos superiores de edificios.<\/p>\n\n\n\n<p class=\"wp-block-paragraph\">En Molinos, Salta, en tanto, la intensidad fue media. All\u00ed, el movimiento gener\u00f3 oscilaci\u00f3n visible de objetos colgantes y puertas.<\/p>\n\n\n\n<p class=\"wp-block-paragraph\">En Cafayate, Salta, el Inpres inform\u00f3 una intensidad de III a IV. El sismo fue percibido por pobladores en reposo y provoc\u00f3 movimiento de artefactos livianos. Mientras que en San Salvador de Jujuy, la intensidad fue de II a III. El movimiento fue sentido de forma muy leve por personas en reposo en sectores residenciales.<\/p>\n","protected":false},"excerpt":{"rendered":"<p>El movimiento se produjo a las 8.37 y tuvo epicentro a 74 kil\u00f3metros al oeste&#8230;<\/p>\n","protected":false},"author":2,"featured_media":71536,"comment_status":"open","ping_status":"open","sticky":false,"template":"","format":"standard","meta":{"footnotes":"","_members_access_role":[],"_members_access_error":""},"categories":[2],"tags":[],"class_list":["post-71535","post","type-post","status-publish","format-standard","has-post-thumbnail","hentry","category-locales"],"_links":{"self":[{"href":"https:\/\/masquenoticiastucuman.com.ar\/index.php?rest_route=\/wp\/v2\/posts\/71535","targetHints":{"allow":["GET"]}}],"collection":[{"href":"https:\/\/masquenoticiastucuman.com.ar\/index.php?rest_route=\/wp\/v2\/posts"}],"about":[{"href":"https:\/\/masquenoticiastucuman.com.ar\/index.php?rest_route=\/wp\/v2\/types\/post"}],"author":[{"embeddable":true,"href":"https:\/\/masquenoticiastucuman.com.ar\/index.php?rest_route=\/wp\/v2\/users\/2"}],"replies":[{"embeddable":true,"href":"https:\/\/masquenoticiastucuman.com.ar\/index.php?rest_route=%2Fwp%2Fv2%2Fcomments&post=71535"}],"version-history":[{"count":1,"href":"https:\/\/masquenoticiastucuman.com.ar\/index.php?rest_route=\/wp\/v2\/posts\/71535\/revisions"}],"predecessor-version":[{"id":71537,"href":"https:\/\/masquenoticiastucuman.com.ar\/index.php?rest_route=\/wp\/v2\/posts\/71535\/revisions\/71537"}],"wp:featuredmedia":[{"embeddable":true,"href":"https:\/\/masquenoticiastucuman.com.ar\/index.php?rest_route=\/wp\/v2\/media\/71536"}],"wp:attachment":[{"href":"https:\/\/masquenoticiastucuman.com.ar\/index.php?rest_route=%2Fwp%2Fv2%2Fmedia&parent=71535"}],"wp:term":[{"taxonomy":"category","embeddable":true,"href":"https:\/\/masquenoticiastucuman.com.ar\/index.php?rest_route=%2Fwp%2Fv2%2Fcategories&post=71535"},{"taxonomy":"post_tag","embeddable":true,"href":"https:\/\/masquenoticiastucuman.com.ar\/index.php?rest_route=%2Fwp%2Fv2%2Ftags&post=71535"}],"curies":[{"name":"wp","href":"https:\/\/api.w.org\/{rel}","templated":true}]}}