{"id":71538,"date":"2026-09-05T13:20:00","date_gmt":"2026-09-05T16:20:00","guid":{"rendered":"https:\/\/masquenoticiastucuman.com.ar\/?p=71538"},"modified":"2026-09-05T13:20:00","modified_gmt":"2026-09-05T16:20:00","slug":"jaldo-respaldo-la-convocatoria-nacional-por-malvinas","status":"publish","type":"post","link":"https:\/\/masquenoticiastucuman.com.ar\/?p=71538","title":{"rendered":"Jaldo respald\u00f3 la convocatoria nacional por Malvinas"},"content":{"rendered":"\n<p class=\"wp-block-paragraph\">El Gobernador apoy\u00f3 las medidas anunciadas por el Ejecutivo Nacional para fijar una postura firme sobre la soberan\u00eda de las islas. Sostuvo que el reclamo debe mantenerse en el plano diplom\u00e1tico y pac\u00edfico.<\/p>\n\n\n\n<p class=\"wp-block-paragraph\">El gobernador<strong>&nbsp;Osvaldo Jaldo<\/strong>&nbsp;se refiri\u00f3 a las recientes medidas anunciadas por el Gobierno nacional para la defensa de la soberan\u00eda argentina sobre las Islas Malvinas. El mandatario tucumano respald\u00f3 la iniciativa de convocar a todas las fuerzas pol\u00edticas tras un objetivo com\u00fan, aunque remarc\u00f3 la importancia de sostener la v\u00eda diplom\u00e1tica y el di\u00e1logo internacional.<\/p>\n\n\n\n<p class=\"wp-block-paragraph\">\u00abTodos los argentinos est\u00e1n pidiendo que el Presidente revea algunas situaciones y algunas posturas que por ah\u00ed no las ten\u00edamos muy en claro, como es el hecho de una definici\u00f3n contundente pol\u00edtica e institucional de cuidar la soberan\u00eda de la Rep\u00fablica Argentina, incluida nuestras Islas Malvinas\u00bb, se\u00f1al\u00f3 Jaldo.<\/p>\n\n\n\n<p class=\"wp-block-paragraph\">En ese sentido, el titular del Poder Ejecutivo provincial valor\u00f3 el llamado a la unidad nacional en torno a la causa Malvinas: \u00abEs una decisi\u00f3n muy importante convocar a todos los argentinos, sin distinci\u00f3n de bander\u00eda pol\u00edtica, para que cuidemos la soberan\u00eda de la Rep\u00fablica Argentina, incluidas las Islas Malvinas, porque las Islas Malvinas han sido, son y ser\u00e1n argentinas; de eso nadie tiene que dudar\u00bb.<\/p>\n\n\n\n<p class=\"wp-block-paragraph\"><strong>La diplomacia como \u00fanico camino<\/strong><\/p>\n\n\n\n<p class=\"wp-block-paragraph\">El mandatario remarc\u00f3 que, si bien coincide con el fondo del reclamo, resulta indispensable sostener el car\u00e1cter pac\u00edfico de las gestiones diplom\u00e1ticas para evitar repetir errores del pasado.<\/p>\n\n\n\n<p class=\"wp-block-paragraph\">\u00abHay que tener mucho cuidado, porque a las Islas Malvinas las tenemos que recuperar a trav\u00e9s del di\u00e1logo, a trav\u00e9s de nuestros embajadores y con el apoyo de otros pa\u00edses, pero siempre desde el punto de vista pac\u00edfico y del entendimiento\u00bb, asever\u00f3 Jaldo.<\/p>\n\n\n\n<p class=\"wp-block-paragraph\">Record\u00f3 adem\u00e1s las dolorosas consecuencias del conflicto de 1982: \u00abYa hemos vivido momentos donde se la ha querido recuperar por la fuerza y todav\u00eda estamos llorando a muchos argentinos que han quedado en esa isla lamentablemente por la guerra y no han vuelto. Y muchos que volvieron, los excombatientes, no han vuelto en buenas condiciones de salud, desintegr\u00e1ndose muchas familias que hoy sufren esa confrontaci\u00f3n b\u00e9lica convocada por gobiernos de facto\u00bb.<\/p>\n\n\n\n<p class=\"wp-block-paragraph\">Por \u00faltimo, el Gobernador ratific\u00f3 el acompa\u00f1amiento institucional de la provincia a las pol\u00edticas de Estado orientadas a la causa nacional: \u00abApoyamos la decisi\u00f3n del Presidente de que vuelva a poner en la agenda el tema de la recuperaci\u00f3n de las Islas Malvinas, que convoque a todos los espacios pol\u00edticos, pero tambi\u00e9n que la recuperaci\u00f3n sea a trav\u00e9s del di\u00e1logo, del entendimiento y del acuerdo con el resto de los pa\u00edses del mundo\u00bb.<\/p>\n","protected":false},"excerpt":{"rendered":"<p>El Gobernador apoy\u00f3 las medidas anunciadas por el Ejecutivo Nacional para fijar una postura firme&#8230;<\/p>\n","protected":false},"author":2,"featured_media":71539,"comment_status":"open","ping_status":"open","sticky":false,"template":"","format":"standard","meta":{"footnotes":"","_members_access_role":[],"_members_access_error":""},"categories":[2],"tags":[],"class_list":["post-71538","post","type-post","status-publish","format-standard","has-post-thumbnail","hentry","category-locales"],"_links":{"self":[{"href":"https:\/\/masquenoticiastucuman.com.ar\/index.php?rest_route=\/wp\/v2\/posts\/71538","targetHints":{"allow":["GET"]}}],"collection":[{"href":"https:\/\/masquenoticiastucuman.com.ar\/index.php?rest_route=\/wp\/v2\/posts"}],"about":[{"href":"https:\/\/masquenoticiastucuman.com.ar\/index.php?rest_route=\/wp\/v2\/types\/post"}],"author":[{"embeddable":true,"href":"https:\/\/masquenoticiastucuman.com.ar\/index.php?rest_route=\/wp\/v2\/users\/2"}],"replies":[{"embeddable":true,"href":"https:\/\/masquenoticiastucuman.com.ar\/index.php?rest_route=%2Fwp%2Fv2%2Fcomments&post=71538"}],"version-history":[{"count":1,"href":"https:\/\/masquenoticiastucuman.com.ar\/index.php?rest_route=\/wp\/v2\/posts\/71538\/revisions"}],"predecessor-version":[{"id":71540,"href":"https:\/\/masquenoticiastucuman.com.ar\/index.php?rest_route=\/wp\/v2\/posts\/71538\/revisions\/71540"}],"wp:featuredmedia":[{"embeddable":true,"href":"https:\/\/masquenoticiastucuman.com.ar\/index.php?rest_route=\/wp\/v2\/media\/71539"}],"wp:attachment":[{"href":"https:\/\/masquenoticiastucuman.com.ar\/index.php?rest_route=%2Fwp%2Fv2%2Fmedia&parent=71538"}],"wp:term":[{"taxonomy":"category","embeddable":true,"href":"https:\/\/masquenoticiastucuman.com.ar\/index.php?rest_route=%2Fwp%2Fv2%2Fcategories&post=71538"},{"taxonomy":"post_tag","embeddable":true,"href":"https:\/\/masquenoticiastucuman.com.ar\/index.php?rest_route=%2Fwp%2Fv2%2Ftags&post=71538"}],"curies":[{"name":"wp","href":"https:\/\/api.w.org\/{rel}","templated":true}]}}