{"id":71541,"date":"2026-09-05T11:34:24","date_gmt":"2026-09-05T14:34:24","guid":{"rendered":"http:\/\/masquenoticiastucuman.com.ar\/?p=71541"},"modified":"2026-09-05T11:34:24","modified_gmt":"2026-09-05T14:34:24","slug":"guerra-en-medio-oriente-ee-uu-ataco-tres-buques-iranies-y-lanzo-otra-advertencia-a-la-guardia-revolucionaria","status":"publish","type":"post","link":"https:\/\/masquenoticiastucuman.com.ar\/?p=71541","title":{"rendered":"Guerra en Medio Oriente: EE.UU. atac\u00f3 tres buques iran\u00edes y lanz\u00f3 otra advertencia a la Guardia Revolucionaria"},"content":{"rendered":"<ul>\n<li>El Comando Central de Estados Unidos asegur\u00f3 que el bombardeo contra las embarcaciones del r\u00e9gimen persa fue en respuesta a una agresi\u00f3n iran\u00ed a barcos de su marina.<\/li>\n<\/ul>\n<p>\u200bEl Comando Central de Estados Unidos asegur\u00f3 que el bombardeo contra las embarcaciones del r\u00e9gimen persa fue en respuesta a una agresi\u00f3n iran\u00ed a barcos de su marina.\u00a0<a href=\"https:\/\/www.clarin.com\/mundo\/guerra-medio-oriente-eeuu-ataco-buques-iranies-lanzo-advertencia-guardia-revolucionaria_0_rfsYNJEGbd.html\" target=\"_blank\" class=\"feedzy-rss-link-icon\">Read More<\/a><\/p>","protected":false},"excerpt":{"rendered":"<p>El Comando Central de Estados Unidos asegur\u00f3 que el bombardeo contra las embarcaciones del r\u00e9gimen&#8230;<\/p>\n","protected":false},"author":1,"featured_media":71542,"comment_status":"open","ping_status":"open","sticky":false,"template":"","format":"standard","meta":{"footnotes":"","_members_access_role":[],"_members_access_error":""},"categories":[4],"tags":[],"class_list":["post-71541","post","type-post","status-publish","format-standard","has-post-thumbnail","hentry","category-internacionales"],"_links":{"self":[{"href":"https:\/\/masquenoticiastucuman.com.ar\/index.php?rest_route=\/wp\/v2\/posts\/71541","targetHints":{"allow":["GET"]}}],"collection":[{"href":"https:\/\/masquenoticiastucuman.com.ar\/index.php?rest_route=\/wp\/v2\/posts"}],"about":[{"href":"https:\/\/masquenoticiastucuman.com.ar\/index.php?rest_route=\/wp\/v2\/types\/post"}],"author":[{"embeddable":true,"href":"https:\/\/masquenoticiastucuman.com.ar\/index.php?rest_route=\/wp\/v2\/users\/1"}],"replies":[{"embeddable":true,"href":"https:\/\/masquenoticiastucuman.com.ar\/index.php?rest_route=%2Fwp%2Fv2%2Fcomments&post=71541"}],"version-history":[{"count":0,"href":"https:\/\/masquenoticiastucuman.com.ar\/index.php?rest_route=\/wp\/v2\/posts\/71541\/revisions"}],"wp:featuredmedia":[{"embeddable":true,"href":"https:\/\/masquenoticiastucuman.com.ar\/index.php?rest_route=\/wp\/v2\/media\/71542"}],"wp:attachment":[{"href":"https:\/\/masquenoticiastucuman.com.ar\/index.php?rest_route=%2Fwp%2Fv2%2Fmedia&parent=71541"}],"wp:term":[{"taxonomy":"category","embeddable":true,"href":"https:\/\/masquenoticiastucuman.com.ar\/index.php?rest_route=%2Fwp%2Fv2%2Fcategories&post=71541"},{"taxonomy":"post_tag","embeddable":true,"href":"https:\/\/masquenoticiastucuman.com.ar\/index.php?rest_route=%2Fwp%2Fv2%2Ftags&post=71541"}],"curies":[{"name":"wp","href":"https:\/\/api.w.org\/{rel}","templated":true}]}}