{"id":71544,"date":"2026-09-05T12:31:25","date_gmt":"2026-09-05T15:31:25","guid":{"rendered":"http:\/\/masquenoticiastucuman.com.ar\/?p=71544"},"modified":"2026-09-05T12:31:25","modified_gmt":"2026-09-05T15:31:25","slug":"sorpresa-de-alpine-en-monza-gasly-logro-la-pole-y-colapinto-largara-7-tras-realizar-la-mejor-clasificacion-de-su-carrera","status":"publish","type":"post","link":"https:\/\/masquenoticiastucuman.com.ar\/?p=71544","title":{"rendered":"Sorpresa de Alpine en Monza: Gasly logr\u00f3 la pole y Colapinto largar\u00e1 7\u00b0 tras realizar la mejor clasificaci\u00f3n de su carrera"},"content":{"rendered":"<ul>\n<li>El piloto franc\u00e9s consigui\u00f3 el mejor tiempo y largar\u00e1 desde la primera fila.<\/li>\n<li>En tanto, el argentino tambi\u00e9n tuvo una buena actuaci\u00f3n en el estreno de las actualizaciones en su coche.<\/li>\n<li>La escuder\u00eda francesa dio el golpe en el circuito italiano y va por m\u00e1s.<\/li>\n<\/ul>\n<p>\u200bEl piloto franc\u00e9s consigui\u00f3 el mejor tiempo y largar\u00e1 desde la primera fila.En tanto, el argentino tambi\u00e9n tuvo una buena actuaci\u00f3n en el estreno de las actualizaciones en su coche.La escuder\u00eda francesa dio el golpe en el circuito italiano y va por m\u00e1s.\u00a0<a href=\"https:\/\/www.clarin.com\/deportes\/sorpresa-alpine-monza-gasly-logro-pole-colapinto-largara-7-realizar-mejor-clasificacion-carrera_0_cOU7DY5yJq.html\" target=\"_blank\" class=\"feedzy-rss-link-icon\">Read More<\/a><\/p>","protected":false},"excerpt":{"rendered":"<p>El piloto franc\u00e9s consigui\u00f3 el mejor tiempo y largar\u00e1 desde la primera fila. En tanto,&#8230;<\/p>\n","protected":false},"author":1,"featured_media":0,"comment_status":"open","ping_status":"open","sticky":false,"template":"","format":"standard","meta":{"footnotes":"","_members_access_role":[],"_members_access_error":""},"categories":[6],"tags":[],"class_list":["post-71544","post","type-post","status-publish","format-standard","has-post-thumbnail","hentry","category-deportes"],"_links":{"self":[{"href":"https:\/\/masquenoticiastucuman.com.ar\/index.php?rest_route=\/wp\/v2\/posts\/71544","targetHints":{"allow":["GET"]}}],"collection":[{"href":"https:\/\/masquenoticiastucuman.com.ar\/index.php?rest_route=\/wp\/v2\/posts"}],"about":[{"href":"https:\/\/masquenoticiastucuman.com.ar\/index.php?rest_route=\/wp\/v2\/types\/post"}],"author":[{"embeddable":true,"href":"https:\/\/masquenoticiastucuman.com.ar\/index.php?rest_route=\/wp\/v2\/users\/1"}],"replies":[{"embeddable":true,"href":"https:\/\/masquenoticiastucuman.com.ar\/index.php?rest_route=%2Fwp%2Fv2%2Fcomments&post=71544"}],"version-history":[{"count":0,"href":"https:\/\/masquenoticiastucuman.com.ar\/index.php?rest_route=\/wp\/v2\/posts\/71544\/revisions"}],"wp:attachment":[{"href":"https:\/\/masquenoticiastucuman.com.ar\/index.php?rest_route=%2Fwp%2Fv2%2Fmedia&parent=71544"}],"wp:term":[{"taxonomy":"category","embeddable":true,"href":"https:\/\/masquenoticiastucuman.com.ar\/index.php?rest_route=%2Fwp%2Fv2%2Fcategories&post=71544"},{"taxonomy":"post_tag","embeddable":true,"href":"https:\/\/masquenoticiastucuman.com.ar\/index.php?rest_route=%2Fwp%2Fv2%2Ftags&post=71544"}],"curies":[{"name":"wp","href":"https:\/\/api.w.org\/{rel}","templated":true}]}}