{"id":71545,"date":"2026-09-05T12:13:20","date_gmt":"2026-09-05T15:13:20","guid":{"rendered":"http:\/\/masquenoticiastucuman.com.ar\/?p=71545"},"modified":"2026-09-05T12:13:20","modified_gmt":"2026-09-05T15:13:20","slug":"mundial-femenino-sub-20-argentina-debuto-con-una-dura-derrota-ante-polonia","status":"publish","type":"post","link":"https:\/\/masquenoticiastucuman.com.ar\/?p=71545","title":{"rendered":"Mundial Femenino Sub-20: Argentina debut\u00f3 con una dura derrota ante Polonia"},"content":{"rendered":"<ul>\n<li>En el partido inaugural del certamen, el conjunto organizador se impuso por 3-0.<\/li>\n<li>El equipo que conduce Christian Meloni tendr\u00e1 revancha el martes cuando enfrente a Ben\u00edn.<\/li>\n<li>Y cerrar\u00e1 su participaci\u00f3n en la fase de grupos el viernes ante M\u00e9xico.<\/li>\n<\/ul>\n<p>\u200bEn el partido inaugural del certamen, el conjunto organizador se impuso por 3-0.El equipo que conduce Christian Meloni tendr\u00e1 revancha el martes cuando enfrente a Ben\u00edn.Y cerrar\u00e1 su participaci\u00f3n en la fase de grupos el viernes ante M\u00e9xico.\u00a0<a href=\"https:\/\/www.clarin.com\/deportes\/mundial-femenino-sub-20-argentina-debuto-dura-derrota-polonia_0_FmFNTJJXev.html\" target=\"_blank\" class=\"feedzy-rss-link-icon\">Read More<\/a><\/p>","protected":false},"excerpt":{"rendered":"<p>En el partido inaugural del certamen, el conjunto organizador se impuso por 3-0. El equipo&#8230;<\/p>\n","protected":false},"author":1,"featured_media":0,"comment_status":"open","ping_status":"open","sticky":false,"template":"","format":"standard","meta":{"footnotes":"","_members_access_role":[],"_members_access_error":""},"categories":[6],"tags":[],"class_list":["post-71545","post","type-post","status-publish","format-standard","has-post-thumbnail","hentry","category-deportes"],"_links":{"self":[{"href":"https:\/\/masquenoticiastucuman.com.ar\/index.php?rest_route=\/wp\/v2\/posts\/71545","targetHints":{"allow":["GET"]}}],"collection":[{"href":"https:\/\/masquenoticiastucuman.com.ar\/index.php?rest_route=\/wp\/v2\/posts"}],"about":[{"href":"https:\/\/masquenoticiastucuman.com.ar\/index.php?rest_route=\/wp\/v2\/types\/post"}],"author":[{"embeddable":true,"href":"https:\/\/masquenoticiastucuman.com.ar\/index.php?rest_route=\/wp\/v2\/users\/1"}],"replies":[{"embeddable":true,"href":"https:\/\/masquenoticiastucuman.com.ar\/index.php?rest_route=%2Fwp%2Fv2%2Fcomments&post=71545"}],"version-history":[{"count":0,"href":"https:\/\/masquenoticiastucuman.com.ar\/index.php?rest_route=\/wp\/v2\/posts\/71545\/revisions"}],"wp:attachment":[{"href":"https:\/\/masquenoticiastucuman.com.ar\/index.php?rest_route=%2Fwp%2Fv2%2Fmedia&parent=71545"}],"wp:term":[{"taxonomy":"category","embeddable":true,"href":"https:\/\/masquenoticiastucuman.com.ar\/index.php?rest_route=%2Fwp%2Fv2%2Fcategories&post=71545"},{"taxonomy":"post_tag","embeddable":true,"href":"https:\/\/masquenoticiastucuman.com.ar\/index.php?rest_route=%2Fwp%2Fv2%2Ftags&post=71545"}],"curies":[{"name":"wp","href":"https:\/\/api.w.org\/{rel}","templated":true}]}}