{"id":71547,"date":"2026-09-05T14:23:53","date_gmt":"2026-09-05T17:23:53","guid":{"rendered":"http:\/\/masquenoticiastucuman.com.ar\/?p=71547"},"modified":"2026-09-05T14:23:53","modified_gmt":"2026-09-05T17:23:53","slug":"velez-presento-ante-la-afa-el-reclamo-por-alineacion-indebida-de-boca-en-el-partido-de-copa-argentina-y-pide-que-le-den-la-clasificacion","status":"publish","type":"post","link":"https:\/\/masquenoticiastucuman.com.ar\/?p=71547","title":{"rendered":"V\u00e9lez present\u00f3 ante la AFA el reclamo por &#8220;alineaci\u00f3n indebida&#8221; de Boca en el partido de Copa Argentina y pide que le den la clasificaci\u00f3n"},"content":{"rendered":"<ul>\n<li>La instituci\u00f3n de Liniers realiz\u00f3 el pedido ante el Tribunal de Disciplina.<\/li>\n<li>Aduce que su rival suscribi\u00f3 a seis extranjeros en la planilla oficial.<\/li>\n<li>\u00bfQu\u00e9 dice el reglamento?<\/li>\n<\/ul>\n<p>\u200bLa instituci\u00f3n de Liniers realiz\u00f3 el pedido ante el Tribunal de Disciplina.Aduce que su rival suscribi\u00f3 a seis extranjeros en la planilla oficial.\u00bfQu\u00e9 dice el reglamento?\u00a0<a href=\"https:\/\/www.clarin.com\/deportes\/velez-presento-afa-reclamo-alineacion-indebida-boca-partido-copa-argentina-pide-den-clasificacion_0_pMyNpBtOeA.html\" target=\"_blank\" class=\"feedzy-rss-link-icon\">Read More<\/a><\/p>","protected":false},"excerpt":{"rendered":"<p>La instituci\u00f3n de Liniers realiz\u00f3 el pedido ante el Tribunal de Disciplina. Aduce que su&#8230;<\/p>\n","protected":false},"author":1,"featured_media":0,"comment_status":"open","ping_status":"open","sticky":false,"template":"","format":"standard","meta":{"footnotes":"","_members_access_role":[],"_members_access_error":""},"categories":[6],"tags":[],"class_list":["post-71547","post","type-post","status-publish","format-standard","has-post-thumbnail","hentry","category-deportes"],"_links":{"self":[{"href":"https:\/\/masquenoticiastucuman.com.ar\/index.php?rest_route=\/wp\/v2\/posts\/71547","targetHints":{"allow":["GET"]}}],"collection":[{"href":"https:\/\/masquenoticiastucuman.com.ar\/index.php?rest_route=\/wp\/v2\/posts"}],"about":[{"href":"https:\/\/masquenoticiastucuman.com.ar\/index.php?rest_route=\/wp\/v2\/types\/post"}],"author":[{"embeddable":true,"href":"https:\/\/masquenoticiastucuman.com.ar\/index.php?rest_route=\/wp\/v2\/users\/1"}],"replies":[{"embeddable":true,"href":"https:\/\/masquenoticiastucuman.com.ar\/index.php?rest_route=%2Fwp%2Fv2%2Fcomments&post=71547"}],"version-history":[{"count":0,"href":"https:\/\/masquenoticiastucuman.com.ar\/index.php?rest_route=\/wp\/v2\/posts\/71547\/revisions"}],"wp:attachment":[{"href":"https:\/\/masquenoticiastucuman.com.ar\/index.php?rest_route=%2Fwp%2Fv2%2Fmedia&parent=71547"}],"wp:term":[{"taxonomy":"category","embeddable":true,"href":"https:\/\/masquenoticiastucuman.com.ar\/index.php?rest_route=%2Fwp%2Fv2%2Fcategories&post=71547"},{"taxonomy":"post_tag","embeddable":true,"href":"https:\/\/masquenoticiastucuman.com.ar\/index.php?rest_route=%2Fwp%2Fv2%2Ftags&post=71547"}],"curies":[{"name":"wp","href":"https:\/\/api.w.org\/{rel}","templated":true}]}}