{"id":71550,"date":"2026-09-05T14:52:13","date_gmt":"2026-09-05T17:52:13","guid":{"rendered":"http:\/\/masquenoticiastucuman.com.ar\/?p=71550"},"modified":"2026-09-05T14:52:13","modified_gmt":"2026-09-05T17:52:13","slug":"putin-y-zelenski-acuerdan-una-pausa-en-los-ataques-contra-kiev-y-moscu-durante-la-visita-de-los-enviados-de-estados-unidos","status":"publish","type":"post","link":"https:\/\/masquenoticiastucuman.com.ar\/?p=71550","title":{"rendered":"Putin y Zelenski acuerdan una  pausa en los ataques contra Kiev y Mosc\u00fa durante la visita de los enviados de Estados Unidos"},"content":{"rendered":"<ul>\n<li>Ser\u00e1 por 72 horas, desde este s\u00e1bado. El presidente de Rusia recibe este s\u00e1bado a Steve Witkoff y Jared Kushner.  <\/li>\n<li>El domingo los asesores de Donald Trump estar\u00e1n en la capital de Ucrania. Buscan reavivar las estancadas negociaciones de paz.<\/li>\n<\/ul>\n<p>\u200bSer\u00e1 por 72 horas, desde este s\u00e1bado. El presidente de Rusia recibe este s\u00e1bado a Steve Witkoff y Jared Kushner.  El domingo los asesores de Donald Trump estar\u00e1n en la capital de Ucrania. Buscan reavivar las estancadas negociaciones de paz.\u00a0<a href=\"https:\/\/www.clarin.com\/mundo\/putin-zelenski-acuerdan-pausa-ataques-kiev-moscu-visita-enviados-estados-unidos_0_aVcdPECPXO.html\" target=\"_blank\" class=\"feedzy-rss-link-icon\">Read More<\/a><\/p>","protected":false},"excerpt":{"rendered":"<p>Ser\u00e1 por 72 horas, desde este s\u00e1bado. El presidente de Rusia recibe este s\u00e1bado a&#8230;<\/p>\n","protected":false},"author":1,"featured_media":71551,"comment_status":"open","ping_status":"open","sticky":false,"template":"","format":"standard","meta":{"footnotes":"","_members_access_role":[],"_members_access_error":""},"categories":[4],"tags":[],"class_list":["post-71550","post","type-post","status-publish","format-standard","has-post-thumbnail","hentry","category-internacionales"],"_links":{"self":[{"href":"https:\/\/masquenoticiastucuman.com.ar\/index.php?rest_route=\/wp\/v2\/posts\/71550","targetHints":{"allow":["GET"]}}],"collection":[{"href":"https:\/\/masquenoticiastucuman.com.ar\/index.php?rest_route=\/wp\/v2\/posts"}],"about":[{"href":"https:\/\/masquenoticiastucuman.com.ar\/index.php?rest_route=\/wp\/v2\/types\/post"}],"author":[{"embeddable":true,"href":"https:\/\/masquenoticiastucuman.com.ar\/index.php?rest_route=\/wp\/v2\/users\/1"}],"replies":[{"embeddable":true,"href":"https:\/\/masquenoticiastucuman.com.ar\/index.php?rest_route=%2Fwp%2Fv2%2Fcomments&post=71550"}],"version-history":[{"count":0,"href":"https:\/\/masquenoticiastucuman.com.ar\/index.php?rest_route=\/wp\/v2\/posts\/71550\/revisions"}],"wp:featuredmedia":[{"embeddable":true,"href":"https:\/\/masquenoticiastucuman.com.ar\/index.php?rest_route=\/wp\/v2\/media\/71551"}],"wp:attachment":[{"href":"https:\/\/masquenoticiastucuman.com.ar\/index.php?rest_route=%2Fwp%2Fv2%2Fmedia&parent=71550"}],"wp:term":[{"taxonomy":"category","embeddable":true,"href":"https:\/\/masquenoticiastucuman.com.ar\/index.php?rest_route=%2Fwp%2Fv2%2Fcategories&post=71550"},{"taxonomy":"post_tag","embeddable":true,"href":"https:\/\/masquenoticiastucuman.com.ar\/index.php?rest_route=%2Fwp%2Fv2%2Ftags&post=71550"}],"curies":[{"name":"wp","href":"https:\/\/api.w.org\/{rel}","templated":true}]}}