{"id":71552,"date":"2026-09-05T15:14:41","date_gmt":"2026-09-05T18:14:41","guid":{"rendered":"http:\/\/masquenoticiastucuman.com.ar\/?p=71552"},"modified":"2026-09-05T15:14:41","modified_gmt":"2026-09-05T18:14:41","slug":"louta-y-joaquin-levinton-cambian-de-escenario-y-se-suman-a-la-nueva-comedia-que-protagoniza-nicolas-furtado","status":"publish","type":"post","link":"https:\/\/masquenoticiastucuman.com.ar\/?p=71552","title":{"rendered":"Louta y Joaqu\u00edn Levinton cambian de escenario y se suman a la nueva comedia que protagoniza Nicol\u00e1s Furtado"},"content":{"rendered":"<ul>\n<li>Los m\u00fasicos ser\u00e1n parte de <em>Escondida en mi cabeza<\/em>, la nueva comedia dirigida por Lucas Vivo Garc\u00eda Lagos.<\/li>\n<li>Se estrena el 1 de octubre en cines.<\/li>\n<\/ul>\n<p>\u200bLos m\u00fasicos ser\u00e1n parte de Escondida en mi cabeza, la nueva comedia dirigida por Lucas Vivo Garc\u00eda Lagos.Se estrena el 1 de octubre en cines.\u00a0<a href=\"https:\/\/www.clarin.com\/espectaculos\/louta-joaquin-levinton-cambian-escenario-suman-nueva-comedia-protagoniza-nicolas-furtado_0_L6frsmYggo.html\" target=\"_blank\" class=\"feedzy-rss-link-icon\">Read More<\/a><\/p>","protected":false},"excerpt":{"rendered":"<p>Los m\u00fasicos ser\u00e1n parte de Escondida en mi cabeza, la nueva comedia dirigida por Lucas&#8230;<\/p>\n","protected":false},"author":1,"featured_media":0,"comment_status":"open","ping_status":"open","sticky":false,"template":"","format":"standard","meta":{"footnotes":"","_members_access_role":[],"_members_access_error":""},"categories":[5],"tags":[],"class_list":["post-71552","post","type-post","status-publish","format-standard","has-post-thumbnail","hentry","category-espectaculo"],"_links":{"self":[{"href":"https:\/\/masquenoticiastucuman.com.ar\/index.php?rest_route=\/wp\/v2\/posts\/71552","targetHints":{"allow":["GET"]}}],"collection":[{"href":"https:\/\/masquenoticiastucuman.com.ar\/index.php?rest_route=\/wp\/v2\/posts"}],"about":[{"href":"https:\/\/masquenoticiastucuman.com.ar\/index.php?rest_route=\/wp\/v2\/types\/post"}],"author":[{"embeddable":true,"href":"https:\/\/masquenoticiastucuman.com.ar\/index.php?rest_route=\/wp\/v2\/users\/1"}],"replies":[{"embeddable":true,"href":"https:\/\/masquenoticiastucuman.com.ar\/index.php?rest_route=%2Fwp%2Fv2%2Fcomments&post=71552"}],"version-history":[{"count":0,"href":"https:\/\/masquenoticiastucuman.com.ar\/index.php?rest_route=\/wp\/v2\/posts\/71552\/revisions"}],"wp:attachment":[{"href":"https:\/\/masquenoticiastucuman.com.ar\/index.php?rest_route=%2Fwp%2Fv2%2Fmedia&parent=71552"}],"wp:term":[{"taxonomy":"category","embeddable":true,"href":"https:\/\/masquenoticiastucuman.com.ar\/index.php?rest_route=%2Fwp%2Fv2%2Fcategories&post=71552"},{"taxonomy":"post_tag","embeddable":true,"href":"https:\/\/masquenoticiastucuman.com.ar\/index.php?rest_route=%2Fwp%2Fv2%2Ftags&post=71552"}],"curies":[{"name":"wp","href":"https:\/\/api.w.org\/{rel}","templated":true}]}}