{"id":71554,"date":"2026-09-05T16:16:56","date_gmt":"2026-09-05T19:16:56","guid":{"rendered":"http:\/\/masquenoticiastucuman.com.ar\/?p=71554"},"modified":"2026-09-05T16:16:56","modified_gmt":"2026-09-05T19:16:56","slug":"donald-trump-no-ira-a-nueva-york-para-los-actos-por-el-25-aniversario-del-11-s-polemica-y-versiones-cruzadas","status":"publish","type":"post","link":"https:\/\/masquenoticiastucuman.com.ar\/?p=71554","title":{"rendered":"Donald Trump no ir\u00e1 a Nueva York para los actos por el 25\u00b0 aniversario del 11-S: pol\u00e9mica y versiones cruzadas"},"content":{"rendered":"<ul>\n<li>El presidente estadounidense no estar\u00e1 el viernes en la ceremonia principal en Ground Zero, donde estaban las Torres Gemelas.<\/li>\n<li>Argument\u00f3 que participar\u00e1 del homenaje en el Pent\u00e1gono, donde se estrell\u00f3 un tercer avi\u00f3n secuestrado por los terroristas.<\/li>\n<li>Los atentados de 2001 dejaron cerca de 3.000 muertos y miles de heridos, y marcaron a fuego la pol\u00edtica de Estados Unidos.<\/li>\n<\/ul>\n<p>\u200bEl presidente estadounidense no estar\u00e1 el viernes en la ceremonia principal en Ground Zero, donde estaban las Torres Gemelas.Argument\u00f3 que participar\u00e1 del homenaje en el Pent\u00e1gono, donde se estrell\u00f3 un tercer avi\u00f3n secuestrado por los terroristas.Los atentados de 2001 dejaron cerca de 3.000 muertos y miles de heridos, y marcaron a fuego la pol\u00edtica de Estados Unidos.\u00a0<a href=\"https:\/\/www.clarin.com\/mundo\/donald-trump-ira-nueva-york-actos-25-aniversario-11-s-desata-polemica_0_lkj5x7xWmP.html\" target=\"_blank\" class=\"feedzy-rss-link-icon\">Read More<\/a><\/p>","protected":false},"excerpt":{"rendered":"<p>El presidente estadounidense no estar\u00e1 el viernes en la ceremonia principal en Ground Zero, donde&#8230;<\/p>\n","protected":false},"author":1,"featured_media":71555,"comment_status":"open","ping_status":"open","sticky":false,"template":"","format":"standard","meta":{"footnotes":"","_members_access_role":[],"_members_access_error":""},"categories":[4],"tags":[],"class_list":["post-71554","post","type-post","status-publish","format-standard","has-post-thumbnail","hentry","category-internacionales"],"_links":{"self":[{"href":"https:\/\/masquenoticiastucuman.com.ar\/index.php?rest_route=\/wp\/v2\/posts\/71554","targetHints":{"allow":["GET"]}}],"collection":[{"href":"https:\/\/masquenoticiastucuman.com.ar\/index.php?rest_route=\/wp\/v2\/posts"}],"about":[{"href":"https:\/\/masquenoticiastucuman.com.ar\/index.php?rest_route=\/wp\/v2\/types\/post"}],"author":[{"embeddable":true,"href":"https:\/\/masquenoticiastucuman.com.ar\/index.php?rest_route=\/wp\/v2\/users\/1"}],"replies":[{"embeddable":true,"href":"https:\/\/masquenoticiastucuman.com.ar\/index.php?rest_route=%2Fwp%2Fv2%2Fcomments&post=71554"}],"version-history":[{"count":0,"href":"https:\/\/masquenoticiastucuman.com.ar\/index.php?rest_route=\/wp\/v2\/posts\/71554\/revisions"}],"wp:featuredmedia":[{"embeddable":true,"href":"https:\/\/masquenoticiastucuman.com.ar\/index.php?rest_route=\/wp\/v2\/media\/71555"}],"wp:attachment":[{"href":"https:\/\/masquenoticiastucuman.com.ar\/index.php?rest_route=%2Fwp%2Fv2%2Fmedia&parent=71554"}],"wp:term":[{"taxonomy":"category","embeddable":true,"href":"https:\/\/masquenoticiastucuman.com.ar\/index.php?rest_route=%2Fwp%2Fv2%2Fcategories&post=71554"},{"taxonomy":"post_tag","embeddable":true,"href":"https:\/\/masquenoticiastucuman.com.ar\/index.php?rest_route=%2Fwp%2Fv2%2Ftags&post=71554"}],"curies":[{"name":"wp","href":"https:\/\/api.w.org\/{rel}","templated":true}]}}