{"id":71556,"date":"2026-09-05T15:44:12","date_gmt":"2026-09-05T18:44:12","guid":{"rendered":"http:\/\/masquenoticiastucuman.com.ar\/?p=71556"},"modified":"2026-09-05T15:44:12","modified_gmt":"2026-09-05T18:44:12","slug":"dos-explosiones-en-media-hora-conmocion-en-bolivia-por-los-destrozos-en-un-cuartel-militar-y-angustia-por-la-busqueda-de-los-conscriptos-desaparecidos","status":"publish","type":"post","link":"https:\/\/masquenoticiastucuman.com.ar\/?p=71556","title":{"rendered":"Dos explosiones en media hora: conmoci\u00f3n en Bolivia por los destrozos en un cuartel militar y angustia por la b\u00fasqueda de los conscriptos desaparecidos"},"content":{"rendered":"<ul>\n<li>El municipio de Viacha declar\u00f3 tres d\u00edas de duelo.<\/li>\n<li>Hubo dos muertos y 85 heridos en su mayor\u00eda militares, tres de ellos en estado cr\u00edtico.<\/li>\n<li>Sigue la b\u00fasqueda de 14 soldados.<\/li>\n<\/ul>\n<p>\u200bEl municipio de Viacha declar\u00f3 tres d\u00edas de duelo.Hubo dos muertos y 85 heridos en su mayor\u00eda militares, tres de ellos en estado cr\u00edtico.Sigue la b\u00fasqueda de 14 soldados.\u00a0<a href=\"https:\/\/www.clarin.com\/mundo\/explosiones-media-hora-conmocion-bolivia-impactantes-videos-destrozos-cuartel-militar-angustia-busqueda-conscriptos-desaparecidos_0_BczdYE7RG1.html\" target=\"_blank\" class=\"feedzy-rss-link-icon\">Read More<\/a><\/p>","protected":false},"excerpt":{"rendered":"<p>El municipio de Viacha declar\u00f3 tres d\u00edas de duelo. Hubo dos muertos y 85 heridos&#8230;<\/p>\n","protected":false},"author":1,"featured_media":71557,"comment_status":"open","ping_status":"open","sticky":false,"template":"","format":"standard","meta":{"footnotes":"","_members_access_role":[],"_members_access_error":""},"categories":[4],"tags":[],"class_list":["post-71556","post","type-post","status-publish","format-standard","has-post-thumbnail","hentry","category-internacionales"],"_links":{"self":[{"href":"https:\/\/masquenoticiastucuman.com.ar\/index.php?rest_route=\/wp\/v2\/posts\/71556","targetHints":{"allow":["GET"]}}],"collection":[{"href":"https:\/\/masquenoticiastucuman.com.ar\/index.php?rest_route=\/wp\/v2\/posts"}],"about":[{"href":"https:\/\/masquenoticiastucuman.com.ar\/index.php?rest_route=\/wp\/v2\/types\/post"}],"author":[{"embeddable":true,"href":"https:\/\/masquenoticiastucuman.com.ar\/index.php?rest_route=\/wp\/v2\/users\/1"}],"replies":[{"embeddable":true,"href":"https:\/\/masquenoticiastucuman.com.ar\/index.php?rest_route=%2Fwp%2Fv2%2Fcomments&post=71556"}],"version-history":[{"count":0,"href":"https:\/\/masquenoticiastucuman.com.ar\/index.php?rest_route=\/wp\/v2\/posts\/71556\/revisions"}],"wp:featuredmedia":[{"embeddable":true,"href":"https:\/\/masquenoticiastucuman.com.ar\/index.php?rest_route=\/wp\/v2\/media\/71557"}],"wp:attachment":[{"href":"https:\/\/masquenoticiastucuman.com.ar\/index.php?rest_route=%2Fwp%2Fv2%2Fmedia&parent=71556"}],"wp:term":[{"taxonomy":"category","embeddable":true,"href":"https:\/\/masquenoticiastucuman.com.ar\/index.php?rest_route=%2Fwp%2Fv2%2Fcategories&post=71556"},{"taxonomy":"post_tag","embeddable":true,"href":"https:\/\/masquenoticiastucuman.com.ar\/index.php?rest_route=%2Fwp%2Fv2%2Ftags&post=71556"}],"curies":[{"name":"wp","href":"https:\/\/api.w.org\/{rel}","templated":true}]}}