{"id":71559,"date":"2026-09-05T16:36:35","date_gmt":"2026-09-05T19:36:35","guid":{"rendered":"http:\/\/masquenoticiastucuman.com.ar\/?p=71559"},"modified":"2026-09-05T16:36:35","modified_gmt":"2026-09-05T19:36:35","slug":"riquelme-hablo-del-reclamo-de-velez-y-marco-la-postura-de-boca-los-partidos-se-ganan-dentro-de-la-cancha","status":"publish","type":"post","link":"https:\/\/masquenoticiastucuman.com.ar\/?p=71559","title":{"rendered":"Riquelme habl\u00f3 del reclamo de V\u00e9lez y marc\u00f3 la postura de Boca: &#8220;Los partidos se ganan dentro de la cancha&#8221;"},"content":{"rendered":"<ul>\n<li>El presidente se refiri\u00f3 a la pol\u00e9mica por la inclusi\u00f3n de seis extranjeros en la Copa Argentina.<\/li>\n<li>Los de Liniers hicieron una presentaci\u00f3n en la AFA para pedir que les den la clasificaci\u00f3n.<\/li>\n<li>&#8220;Boca gan\u00f3 merecidamente&#8221;, se\u00f1al\u00f3 en la previa del duelo con Gimnasia en Mendoza.<\/li>\n<\/ul>\n<p>\u200bEl presidente se refiri\u00f3 a la pol\u00e9mica por la inclusi\u00f3n de seis extranjeros en la Copa Argentina.Los de Liniers hicieron una presentaci\u00f3n en la AFA para pedir que les den la clasificaci\u00f3n.&#8221;Boca gan\u00f3 merecidamente&#8221;, se\u00f1al\u00f3 en la previa del duelo con Gimnasia en Mendoza.\u00a0<a href=\"https:\/\/www.clarin.com\/deportes\/riquelme-hablo-reclamo-velez-marco-postura-boca-partidos-ganan-dentro-cancha_0_L8oSrByRJd.html\" target=\"_blank\" class=\"feedzy-rss-link-icon\">Read More<\/a><\/p>","protected":false},"excerpt":{"rendered":"<p>El presidente se refiri\u00f3 a la pol\u00e9mica por la inclusi\u00f3n de seis extranjeros en la&#8230;<\/p>\n","protected":false},"author":1,"featured_media":0,"comment_status":"open","ping_status":"open","sticky":false,"template":"","format":"standard","meta":{"footnotes":"","_members_access_role":[],"_members_access_error":""},"categories":[6],"tags":[],"class_list":["post-71559","post","type-post","status-publish","format-standard","has-post-thumbnail","hentry","category-deportes"],"_links":{"self":[{"href":"https:\/\/masquenoticiastucuman.com.ar\/index.php?rest_route=\/wp\/v2\/posts\/71559","targetHints":{"allow":["GET"]}}],"collection":[{"href":"https:\/\/masquenoticiastucuman.com.ar\/index.php?rest_route=\/wp\/v2\/posts"}],"about":[{"href":"https:\/\/masquenoticiastucuman.com.ar\/index.php?rest_route=\/wp\/v2\/types\/post"}],"author":[{"embeddable":true,"href":"https:\/\/masquenoticiastucuman.com.ar\/index.php?rest_route=\/wp\/v2\/users\/1"}],"replies":[{"embeddable":true,"href":"https:\/\/masquenoticiastucuman.com.ar\/index.php?rest_route=%2Fwp%2Fv2%2Fcomments&post=71559"}],"version-history":[{"count":0,"href":"https:\/\/masquenoticiastucuman.com.ar\/index.php?rest_route=\/wp\/v2\/posts\/71559\/revisions"}],"wp:attachment":[{"href":"https:\/\/masquenoticiastucuman.com.ar\/index.php?rest_route=%2Fwp%2Fv2%2Fmedia&parent=71559"}],"wp:term":[{"taxonomy":"category","embeddable":true,"href":"https:\/\/masquenoticiastucuman.com.ar\/index.php?rest_route=%2Fwp%2Fv2%2Fcategories&post=71559"},{"taxonomy":"post_tag","embeddable":true,"href":"https:\/\/masquenoticiastucuman.com.ar\/index.php?rest_route=%2Fwp%2Fv2%2Ftags&post=71559"}],"curies":[{"name":"wp","href":"https:\/\/api.w.org\/{rel}","templated":true}]}}