{"id":71561,"date":"2026-09-05T18:42:34","date_gmt":"2026-09-05T21:42:34","guid":{"rendered":"http:\/\/masquenoticiastucuman.com.ar\/?p=71561"},"modified":"2026-09-05T18:42:34","modified_gmt":"2026-09-05T21:42:34","slug":"por-que-no-me-despertaron-benjamin-netanyahu-acusa-a-sus-custodios-por-no-informarlo-de-los-ataques-de-octubre-de-2023","status":"publish","type":"post","link":"https:\/\/masquenoticiastucuman.com.ar\/?p=71561","title":{"rendered":"&#8220;\u00bfPor qu\u00e9 no me despertaron?&#8221;: Benjamin Netanyahu acusa a sus custodios por no informarlo de los ataques de octubre de 2023"},"content":{"rendered":"<ul>\n<li>El primer ministro de Israel dijo que no se le avis\u00f3 en el momento del in\u00e9dito asalto comando de Hamas. <\/li>\n<li>Su esposa, a la vez, insinu\u00f3 una traici\u00f3n de los servicios de seguridad. Pol\u00e9mica y acusaciones de la oposici\u00f3n. \u00bfTeor\u00eda conspirativa o campa\u00f1a electoral?<\/li>\n<\/ul>\n<p>\u200bEl primer ministro de Israel dijo que no se le avis\u00f3 en el momento del in\u00e9dito asalto comando de Hamas. Su esposa, a la vez, insinu\u00f3 una traici\u00f3n de los servicios de seguridad. Pol\u00e9mica y acusaciones de la oposici\u00f3n. \u00bfTeor\u00eda conspirativa o campa\u00f1a electoral?\u00a0<a href=\"https:\/\/www.clarin.com\/mundo\/despertaron-benjamin-netanyahu-acusa-custodios-informarlo-ataques-octubre-2023_0_eWcapXQfUF.html\" target=\"_blank\" class=\"feedzy-rss-link-icon\">Read More<\/a><\/p>","protected":false},"excerpt":{"rendered":"<p>El primer ministro de Israel dijo que no se le avis\u00f3 en el momento del&#8230;<\/p>\n","protected":false},"author":1,"featured_media":71562,"comment_status":"open","ping_status":"open","sticky":false,"template":"","format":"standard","meta":{"footnotes":"","_members_access_role":[],"_members_access_error":""},"categories":[4],"tags":[],"class_list":["post-71561","post","type-post","status-publish","format-standard","has-post-thumbnail","hentry","category-internacionales"],"_links":{"self":[{"href":"https:\/\/masquenoticiastucuman.com.ar\/index.php?rest_route=\/wp\/v2\/posts\/71561","targetHints":{"allow":["GET"]}}],"collection":[{"href":"https:\/\/masquenoticiastucuman.com.ar\/index.php?rest_route=\/wp\/v2\/posts"}],"about":[{"href":"https:\/\/masquenoticiastucuman.com.ar\/index.php?rest_route=\/wp\/v2\/types\/post"}],"author":[{"embeddable":true,"href":"https:\/\/masquenoticiastucuman.com.ar\/index.php?rest_route=\/wp\/v2\/users\/1"}],"replies":[{"embeddable":true,"href":"https:\/\/masquenoticiastucuman.com.ar\/index.php?rest_route=%2Fwp%2Fv2%2Fcomments&post=71561"}],"version-history":[{"count":0,"href":"https:\/\/masquenoticiastucuman.com.ar\/index.php?rest_route=\/wp\/v2\/posts\/71561\/revisions"}],"wp:featuredmedia":[{"embeddable":true,"href":"https:\/\/masquenoticiastucuman.com.ar\/index.php?rest_route=\/wp\/v2\/media\/71562"}],"wp:attachment":[{"href":"https:\/\/masquenoticiastucuman.com.ar\/index.php?rest_route=%2Fwp%2Fv2%2Fmedia&parent=71561"}],"wp:term":[{"taxonomy":"category","embeddable":true,"href":"https:\/\/masquenoticiastucuman.com.ar\/index.php?rest_route=%2Fwp%2Fv2%2Fcategories&post=71561"},{"taxonomy":"post_tag","embeddable":true,"href":"https:\/\/masquenoticiastucuman.com.ar\/index.php?rest_route=%2Fwp%2Fv2%2Ftags&post=71561"}],"curies":[{"name":"wp","href":"https:\/\/api.w.org\/{rel}","templated":true}]}}