{"id":71563,"date":"2026-09-05T19:31:48","date_gmt":"2026-09-05T22:31:48","guid":{"rendered":"http:\/\/masquenoticiastucuman.com.ar\/?p=71563"},"modified":"2026-09-05T19:31:48","modified_gmt":"2026-09-05T22:31:48","slug":"katie-taylor-tuvo-una-despedida-perfecta-gano-ante-80-mil-personas-hizo-historia-y-se-retiro-como-campeona-indiscutida","status":"publish","type":"post","link":"https:\/\/masquenoticiastucuman.com.ar\/?p=71563","title":{"rendered":"Katie Taylor tuvo una despedida perfecta: gan\u00f3 ante \u00a180 mil personas!, hizo historia y se retir\u00f3 como campeona indiscutida"},"content":{"rendered":"<ul>\n<li>La irlandesa venci\u00f3 por decisi\u00f3n un\u00e1nime a la francesa Flora Pili en el m\u00edtico Croke Park de Dubl\u00edn y cerr\u00f3 a los 40 a\u00f1os una carrera extraordinaria.<\/li>\n<li>Recuper\u00f3 el cintur\u00f3n del CMB, volvi\u00f3 a reunir las cuatro coronas del peso superligero y fue protagonista de un r\u00e9cord de asistencia para una pelea femenina.<\/li>\n<\/ul>\n<p>\u200bLa irlandesa venci\u00f3 por decisi\u00f3n un\u00e1nime a la francesa Flora Pili en el m\u00edtico Croke Park de Dubl\u00edn y cerr\u00f3 a los 40 a\u00f1os una carrera extraordinaria.Recuper\u00f3 el cintur\u00f3n del CMB, volvi\u00f3 a reunir las cuatro coronas del peso superligero y fue protagonista de un r\u00e9cord de asistencia para una pelea femenina.\u00a0<a href=\"https:\/\/www.clarin.com\/deportes\/katie-taylor-despedida-perfecta-gano-80-mil-personas-hizo-historia-retiro-campeona-indiscutida_0_a8qbpWcgVI.html\" target=\"_blank\" class=\"feedzy-rss-link-icon\">Read More<\/a><\/p>","protected":false},"excerpt":{"rendered":"<p>La irlandesa venci\u00f3 por decisi\u00f3n un\u00e1nime a la francesa Flora Pili en el m\u00edtico Croke&#8230;<\/p>\n","protected":false},"author":1,"featured_media":0,"comment_status":"open","ping_status":"open","sticky":false,"template":"","format":"standard","meta":{"footnotes":"","_members_access_role":[],"_members_access_error":""},"categories":[6],"tags":[],"class_list":["post-71563","post","type-post","status-publish","format-standard","has-post-thumbnail","hentry","category-deportes"],"_links":{"self":[{"href":"https:\/\/masquenoticiastucuman.com.ar\/index.php?rest_route=\/wp\/v2\/posts\/71563","targetHints":{"allow":["GET"]}}],"collection":[{"href":"https:\/\/masquenoticiastucuman.com.ar\/index.php?rest_route=\/wp\/v2\/posts"}],"about":[{"href":"https:\/\/masquenoticiastucuman.com.ar\/index.php?rest_route=\/wp\/v2\/types\/post"}],"author":[{"embeddable":true,"href":"https:\/\/masquenoticiastucuman.com.ar\/index.php?rest_route=\/wp\/v2\/users\/1"}],"replies":[{"embeddable":true,"href":"https:\/\/masquenoticiastucuman.com.ar\/index.php?rest_route=%2Fwp%2Fv2%2Fcomments&post=71563"}],"version-history":[{"count":0,"href":"https:\/\/masquenoticiastucuman.com.ar\/index.php?rest_route=\/wp\/v2\/posts\/71563\/revisions"}],"wp:attachment":[{"href":"https:\/\/masquenoticiastucuman.com.ar\/index.php?rest_route=%2Fwp%2Fv2%2Fmedia&parent=71563"}],"wp:term":[{"taxonomy":"category","embeddable":true,"href":"https:\/\/masquenoticiastucuman.com.ar\/index.php?rest_route=%2Fwp%2Fv2%2Fcategories&post=71563"},{"taxonomy":"post_tag","embeddable":true,"href":"https:\/\/masquenoticiastucuman.com.ar\/index.php?rest_route=%2Fwp%2Fv2%2Ftags&post=71563"}],"curies":[{"name":"wp","href":"https:\/\/api.w.org\/{rel}","templated":true}]}}