{"id":71565,"date":"2026-09-05T20:56:03","date_gmt":"2026-09-05T23:56:03","guid":{"rendered":"http:\/\/masquenoticiastucuman.com.ar\/?p=71565"},"modified":"2026-09-05T20:56:03","modified_gmt":"2026-09-05T23:56:03","slug":"pablo-matera-brillo-ante-australia-y-siempre-va-por-mas-con-los-pumas-hoy-fue-mejor-otra-cara-del-equipo-pero-me-hubiese-gustado-ganar","status":"publish","type":"post","link":"https:\/\/masquenoticiastucuman.com.ar\/?p=71565","title":{"rendered":"Pablo Matera brill\u00f3 ante Australia y siempre va por m\u00e1s con Los Pumas: \u201cHoy fue mejor, otra cara del equipo, pero me hubiese gustado ganar\u201d"},"content":{"rendered":"<ul>\n<li>El capit\u00e1n, autor de dos tries en el 28-28 ante los Wallabies, destac\u00f3 la reacci\u00f3n del equipo, pero no ocult\u00f3 su frustraci\u00f3n por las ocasiones desperdiciadas.<\/li>\n<li>\u201cTe quer\u00e9s matar por la cantidad de oportunidades que tuvimos\u201d, admiti\u00f3, aunque valor\u00f3 el crecimiento del grupo y la aparici\u00f3n de nuevos jugadores.<\/li>\n<\/ul>\n<p>\u200bEl capit\u00e1n, autor de dos tries en el 28-28 ante los Wallabies, destac\u00f3 la reacci\u00f3n del equipo, pero no ocult\u00f3 su frustraci\u00f3n por las ocasiones desperdiciadas.\u201cTe quer\u00e9s matar por la cantidad de oportunidades que tuvimos\u201d, admiti\u00f3, aunque valor\u00f3 el crecimiento del grupo y la aparici\u00f3n de nuevos jugadores.\u00a0<a href=\"https:\/\/www.clarin.com\/deportes\/pablo-matera-brillo-australia-siempre-va-pumas-hoy-mejor-cara-equipo-gustado-ganar_0_rzdBhfHBay.html\" target=\"_blank\" class=\"feedzy-rss-link-icon\">Read More<\/a><\/p>","protected":false},"excerpt":{"rendered":"<p>El capit\u00e1n, autor de dos tries en el 28-28 ante los Wallabies, destac\u00f3 la reacci\u00f3n&#8230;<\/p>\n","protected":false},"author":1,"featured_media":0,"comment_status":"open","ping_status":"open","sticky":false,"template":"","format":"standard","meta":{"footnotes":"","_members_access_role":[],"_members_access_error":""},"categories":[6],"tags":[],"class_list":["post-71565","post","type-post","status-publish","format-standard","has-post-thumbnail","hentry","category-deportes"],"_links":{"self":[{"href":"https:\/\/masquenoticiastucuman.com.ar\/index.php?rest_route=\/wp\/v2\/posts\/71565","targetHints":{"allow":["GET"]}}],"collection":[{"href":"https:\/\/masquenoticiastucuman.com.ar\/index.php?rest_route=\/wp\/v2\/posts"}],"about":[{"href":"https:\/\/masquenoticiastucuman.com.ar\/index.php?rest_route=\/wp\/v2\/types\/post"}],"author":[{"embeddable":true,"href":"https:\/\/masquenoticiastucuman.com.ar\/index.php?rest_route=\/wp\/v2\/users\/1"}],"replies":[{"embeddable":true,"href":"https:\/\/masquenoticiastucuman.com.ar\/index.php?rest_route=%2Fwp%2Fv2%2Fcomments&post=71565"}],"version-history":[{"count":0,"href":"https:\/\/masquenoticiastucuman.com.ar\/index.php?rest_route=\/wp\/v2\/posts\/71565\/revisions"}],"wp:attachment":[{"href":"https:\/\/masquenoticiastucuman.com.ar\/index.php?rest_route=%2Fwp%2Fv2%2Fmedia&parent=71565"}],"wp:term":[{"taxonomy":"category","embeddable":true,"href":"https:\/\/masquenoticiastucuman.com.ar\/index.php?rest_route=%2Fwp%2Fv2%2Fcategories&post=71565"},{"taxonomy":"post_tag","embeddable":true,"href":"https:\/\/masquenoticiastucuman.com.ar\/index.php?rest_route=%2Fwp%2Fv2%2Ftags&post=71565"}],"curies":[{"name":"wp","href":"https:\/\/api.w.org\/{rel}","templated":true}]}}