{"id":71569,"date":"2026-09-06T06:01:12","date_gmt":"2026-09-06T09:01:12","guid":{"rendered":"http:\/\/masquenoticiastucuman.com.ar\/?p=71569"},"modified":"2026-09-06T06:01:12","modified_gmt":"2026-09-06T09:01:12","slug":"gilda-a-30-anos-de-su-muerte-la-maestra-jardinera-y-la-artista-que-traspaso-los-limites-de-la-cumbia-y-se-convirtio-en-una-diosa-popular","status":"publish","type":"post","link":"https:\/\/masquenoticiastucuman.com.ar\/?p=71569","title":{"rendered":"Gilda, a 30 a\u00f1os de su muerte: la maestra jardinera y la artista que traspas\u00f3 los l\u00edmites de la cumbia y se convirti\u00f3 en una diosa popular"},"content":{"rendered":"<ul>\n<li>Muri\u00f3 a los 34 a\u00f1os, despu\u00e9s de apenas cuatro a\u00f1os de carrera, pero su historia continu\u00f3 para siempre.<\/li>\n<li>Discos p\u00f3stumos, covers, pel\u00edculas, una serie que nunca lleg\u00f3 a estrenarse y hasta canciones de cancha mantienen viva la &#8220;Gildaman\u00eda&#8221;.<\/li>\n<\/ul>\n<p>\u200bMuri\u00f3 a los 34 a\u00f1os, despu\u00e9s de apenas cuatro a\u00f1os de carrera, pero su historia continu\u00f3 para siempre.Discos p\u00f3stumos, covers, pel\u00edculas, una serie que nunca lleg\u00f3 a estrenarse y hasta canciones de cancha mantienen viva la &#8220;Gildaman\u00eda&#8221;.\u00a0<a href=\"https:\/\/www.clarin.com\/espectaculos\/gilda-30-anos-muerte-maestra-jardinera-artista-traspaso-limites-cumbia-convirtio-diosa-popular_0_F2qGiBSqgl.html\" target=\"_blank\" class=\"feedzy-rss-link-icon\">Read More<\/a><\/p>","protected":false},"excerpt":{"rendered":"<p>Muri\u00f3 a los 34 a\u00f1os, despu\u00e9s de apenas cuatro a\u00f1os de carrera, pero su historia&#8230;<\/p>\n","protected":false},"author":1,"featured_media":0,"comment_status":"open","ping_status":"open","sticky":false,"template":"","format":"standard","meta":{"footnotes":"","_members_access_role":[],"_members_access_error":""},"categories":[5],"tags":[],"class_list":["post-71569","post","type-post","status-publish","format-standard","has-post-thumbnail","hentry","category-espectaculo"],"_links":{"self":[{"href":"https:\/\/masquenoticiastucuman.com.ar\/index.php?rest_route=\/wp\/v2\/posts\/71569","targetHints":{"allow":["GET"]}}],"collection":[{"href":"https:\/\/masquenoticiastucuman.com.ar\/index.php?rest_route=\/wp\/v2\/posts"}],"about":[{"href":"https:\/\/masquenoticiastucuman.com.ar\/index.php?rest_route=\/wp\/v2\/types\/post"}],"author":[{"embeddable":true,"href":"https:\/\/masquenoticiastucuman.com.ar\/index.php?rest_route=\/wp\/v2\/users\/1"}],"replies":[{"embeddable":true,"href":"https:\/\/masquenoticiastucuman.com.ar\/index.php?rest_route=%2Fwp%2Fv2%2Fcomments&post=71569"}],"version-history":[{"count":0,"href":"https:\/\/masquenoticiastucuman.com.ar\/index.php?rest_route=\/wp\/v2\/posts\/71569\/revisions"}],"wp:attachment":[{"href":"https:\/\/masquenoticiastucuman.com.ar\/index.php?rest_route=%2Fwp%2Fv2%2Fmedia&parent=71569"}],"wp:term":[{"taxonomy":"category","embeddable":true,"href":"https:\/\/masquenoticiastucuman.com.ar\/index.php?rest_route=%2Fwp%2Fv2%2Fcategories&post=71569"},{"taxonomy":"post_tag","embeddable":true,"href":"https:\/\/masquenoticiastucuman.com.ar\/index.php?rest_route=%2Fwp%2Fv2%2Ftags&post=71569"}],"curies":[{"name":"wp","href":"https:\/\/api.w.org\/{rel}","templated":true}]}}