{"id":71570,"date":"2026-09-06T05:01:11","date_gmt":"2026-09-06T08:01:11","guid":{"rendered":"http:\/\/masquenoticiastucuman.com.ar\/?p=71570"},"modified":"2026-09-06T05:01:11","modified_gmt":"2026-09-06T08:01:11","slug":"f1-gp-de-italia-con-franco-colapinto-en-vivo-horario-donde-y-como-ver-la-carrera-de-la-formula-1-en-monza-este-domingo-6-de-septiembre","status":"publish","type":"post","link":"https:\/\/masquenoticiastucuman.com.ar\/?p=71570","title":{"rendered":"F1 GP de Italia con Franco Colapinto, EN VIVO: horario, d\u00f3nde y c\u00f3mo ver la carrera de la F\u00f3rmula 1 en Monza este domingo 6 de septiembre"},"content":{"rendered":"<ul>\n<li>El argentino saldr\u00e1 s\u00e9ptimo, su mejor posici\u00f3n de largada en la categor\u00eda.<\/li>\n<li>Desde la pole lo har\u00e1 su compa\u00f1ero Pierre Gasly en el otro Alpine.<\/li>\n<li>Por F1TV y Disney+.<\/li>\n<\/ul>\n<p>\u200bEl argentino saldr\u00e1 s\u00e9ptimo, su mejor posici\u00f3n de largada en la categor\u00eda.Desde la pole lo har\u00e1 su compa\u00f1ero Pierre Gasly en el otro Alpine.Por F1TV y Disney+.\u00a0<a href=\"https:\/\/www.clarin.com\/deportes\/f1-gp-italia-franco-colapinto-vivo-horario-ver-carrera-formula-1-monza-domingo-6-septiembre_0_F7u5PlNnBq.html\" target=\"_blank\" class=\"feedzy-rss-link-icon\">Read More<\/a><\/p>","protected":false},"excerpt":{"rendered":"<p>El argentino saldr\u00e1 s\u00e9ptimo, su mejor posici\u00f3n de largada en la categor\u00eda. Desde la pole&#8230;<\/p>\n","protected":false},"author":1,"featured_media":0,"comment_status":"open","ping_status":"open","sticky":false,"template":"","format":"standard","meta":{"footnotes":"","_members_access_role":[],"_members_access_error":""},"categories":[6],"tags":[],"class_list":["post-71570","post","type-post","status-publish","format-standard","has-post-thumbnail","hentry","category-deportes"],"_links":{"self":[{"href":"https:\/\/masquenoticiastucuman.com.ar\/index.php?rest_route=\/wp\/v2\/posts\/71570","targetHints":{"allow":["GET"]}}],"collection":[{"href":"https:\/\/masquenoticiastucuman.com.ar\/index.php?rest_route=\/wp\/v2\/posts"}],"about":[{"href":"https:\/\/masquenoticiastucuman.com.ar\/index.php?rest_route=\/wp\/v2\/types\/post"}],"author":[{"embeddable":true,"href":"https:\/\/masquenoticiastucuman.com.ar\/index.php?rest_route=\/wp\/v2\/users\/1"}],"replies":[{"embeddable":true,"href":"https:\/\/masquenoticiastucuman.com.ar\/index.php?rest_route=%2Fwp%2Fv2%2Fcomments&post=71570"}],"version-history":[{"count":0,"href":"https:\/\/masquenoticiastucuman.com.ar\/index.php?rest_route=\/wp\/v2\/posts\/71570\/revisions"}],"wp:attachment":[{"href":"https:\/\/masquenoticiastucuman.com.ar\/index.php?rest_route=%2Fwp%2Fv2%2Fmedia&parent=71570"}],"wp:term":[{"taxonomy":"category","embeddable":true,"href":"https:\/\/masquenoticiastucuman.com.ar\/index.php?rest_route=%2Fwp%2Fv2%2Fcategories&post=71570"},{"taxonomy":"post_tag","embeddable":true,"href":"https:\/\/masquenoticiastucuman.com.ar\/index.php?rest_route=%2Fwp%2Fv2%2Ftags&post=71570"}],"curies":[{"name":"wp","href":"https:\/\/api.w.org\/{rel}","templated":true}]}}