{"id":71571,"date":"2026-09-06T06:01:14","date_gmt":"2026-09-06T09:01:14","guid":{"rendered":"http:\/\/masquenoticiastucuman.com.ar\/?p=71571"},"modified":"2026-09-06T06:01:14","modified_gmt":"2026-09-06T09:01:14","slug":"la-temporada-de-nieve-todavia-no-termino-donde-esquiar-en-septiembre-y-que-centros-siguen-abiertos-hasta-octubre","status":"publish","type":"post","link":"https:\/\/masquenoticiastucuman.com.ar\/?p=71571","title":{"rendered":"La temporada de nieve todav\u00eda no termin\u00f3: d\u00f3nde esquiar en septiembre y qu\u00e9 centros siguen abiertos hasta octubre"},"content":{"rendered":"<ul>\n<li>En esta \u00e9poca hay muy buena nieve y un clima m\u00e1s atractivo.<\/li>\n<li>Las proyecciones de cada centro de esqu\u00ed y algunos precios para tener en cuenta.<\/li>\n<\/ul>\n<p>\u200bEn esta \u00e9poca hay muy buena nieve y un clima m\u00e1s atractivo.Las proyecciones de cada centro de esqu\u00ed y algunos precios para tener en cuenta.\u00a0<a href=\"https:\/\/www.clarin.com\/viajes\/temporada-nieve-todavia-termino-esquiar-septiembre-centros-siguen-abiertos-octubre_0_jBCgqQxjiZ.html\" target=\"_blank\" class=\"feedzy-rss-link-icon\">Read More<\/a><\/p>","protected":false},"excerpt":{"rendered":"<p>En esta \u00e9poca hay muy buena nieve y un clima m\u00e1s atractivo. Las proyecciones de&#8230;<\/p>\n","protected":false},"author":1,"featured_media":0,"comment_status":"open","ping_status":"open","sticky":false,"template":"","format":"standard","meta":{"footnotes":"","_members_access_role":[],"_members_access_error":""},"categories":[7],"tags":[],"class_list":["post-71571","post","type-post","status-publish","format-standard","has-post-thumbnail","hentry","category-turismo"],"_links":{"self":[{"href":"https:\/\/masquenoticiastucuman.com.ar\/index.php?rest_route=\/wp\/v2\/posts\/71571","targetHints":{"allow":["GET"]}}],"collection":[{"href":"https:\/\/masquenoticiastucuman.com.ar\/index.php?rest_route=\/wp\/v2\/posts"}],"about":[{"href":"https:\/\/masquenoticiastucuman.com.ar\/index.php?rest_route=\/wp\/v2\/types\/post"}],"author":[{"embeddable":true,"href":"https:\/\/masquenoticiastucuman.com.ar\/index.php?rest_route=\/wp\/v2\/users\/1"}],"replies":[{"embeddable":true,"href":"https:\/\/masquenoticiastucuman.com.ar\/index.php?rest_route=%2Fwp%2Fv2%2Fcomments&post=71571"}],"version-history":[{"count":0,"href":"https:\/\/masquenoticiastucuman.com.ar\/index.php?rest_route=\/wp\/v2\/posts\/71571\/revisions"}],"wp:attachment":[{"href":"https:\/\/masquenoticiastucuman.com.ar\/index.php?rest_route=%2Fwp%2Fv2%2Fmedia&parent=71571"}],"wp:term":[{"taxonomy":"category","embeddable":true,"href":"https:\/\/masquenoticiastucuman.com.ar\/index.php?rest_route=%2Fwp%2Fv2%2Fcategories&post=71571"},{"taxonomy":"post_tag","embeddable":true,"href":"https:\/\/masquenoticiastucuman.com.ar\/index.php?rest_route=%2Fwp%2Fv2%2Ftags&post=71571"}],"curies":[{"name":"wp","href":"https:\/\/api.w.org\/{rel}","templated":true}]}}